{"id":17586,"date":"2014-07-26T12:04:30","date_gmt":"2014-07-26T15:04:30","guid":{"rendered":"http:\/\/www.cordobatimes.com\/deportes\/?p=17586"},"modified":"2014-07-26T12:24:40","modified_gmt":"2014-07-26T15:24:40","slug":"estudiantes-recibe-a-la-fiorentina-por-la-copa-euroamericana","status":"publish","type":"post","link":"https:\/\/www.cordobatimes.com\/deportes\/futbol\/2014\/07\/26\/estudiantes-recibe-a-la-fiorentina-por-la-copa-euroamericana\/","title":{"rendered":"Estudiantes recibe a la Fiorentina por la Copa Euroamericana"},"content":{"rendered":"<h3><strong><a href=\"http:\/\/www.cordobatimes.com\/deportes\/wp-content\/uploads\/2014\/07\/Estudiantes-Fiorentina.jpg\"><img loading=\"lazy\" decoding=\"async\" class=\"size-full wp-image-17588 aligncenter\" alt=\"Estudiantes - Fiorentina\" src=\"http:\/\/www.cordobatimes.com\/deportes\/wp-content\/uploads\/2014\/07\/Estudiantes-Fiorentina.jpg\" width=\"770\" height=\"433\" data-id=\"17588\" srcset=\"https:\/\/www.cordobatimes.com\/deportes\/wp-content\/uploads\/2014\/07\/Estudiantes-Fiorentina.jpg 770w, https:\/\/www.cordobatimes.com\/deportes\/wp-content\/uploads\/2014\/07\/Estudiantes-Fiorentina-300x168.jpg 300w\" sizes=\"auto, (max-width: 770px) 100vw, 770px\" \/><\/a><\/strong><\/h3>\n<h3 style=\"text-align: justify;\"><strong>A partir de las 15, con la transmisi\u00f3n de DirecTV, el Pincha ser\u00e1 local de un atractivo duelo ante un rival europeo. El que gane le aportar\u00e1 un punto a su continente. Ambos se preparan para el inicio de sus respectivas competiciones.<\/strong><\/h3>\n<p style=\"text-align: justify;\">\n<p style=\"text-align: justify;\">Un torneo bastante particular tendr\u00e1 hoy el debut de un equipo argentino. Se trata de la Copa Euroamericana, que tiene ocho partidos entre combinados americanos, por un lado, y europeos por el otro. Esta tarde ver\u00e1 en acci\u00f3n a Estudiantes, que en La Plata recibir\u00e1 a la Fiorentina dirigida por Vincenzo Montella.<\/p>\n<p style=\"text-align: justify;\">Del lado visitante tambi\u00e9n se encuentran dentro del plantel los ex Pincha Facundo Roncaglia y Jos\u00e9 Mar\u00eda Basanta, as\u00ed como tambi\u00e9n Gonzalo Rodr\u00edguez. En tanto, Pellegrino, DT local, pondr\u00e1 a los 11 que tiene en mente para la primera fecha del Torneo de Transici\u00f3n, el pr\u00f3ximo fin de semana enfrentando a Arsenal de Sarand\u00ed.<\/p>\n<p style=\"text-align: justify;\"><strong>FORMACIONES<\/strong><\/p>\n<p style=\"text-align: justify;\"><b>Estudiantes<\/b>: Agust\u00edn Silva; Leonardo Jara, Jonathan Schunke, Leandro Des\u00e1bato, Jonathan Silva; Mat\u00edas Aguirregaray, Gast\u00f3n Gil Romero, Rom\u00e1n Martinez, Joaqu\u00edn Correa; Carlos Auzqui y Guido Carrillo.\u00a0<b>DT<\/b>: Mauricio Pellegrino.<\/p>\n<p style=\"text-align: justify;\"><b>Fiorentina<\/b>: Neto; Facundo Roncaglia, Gonzalo Rodr\u00edguez, Manuel Pasqual, Juan Manuel Vargas; Joaqu\u00edn, Borja Valero, Alberto Aquilani, David Pizarro; Giuseppe Rossi y Mario G\u00f3mez.\u00a0<b>DT<\/b>: Vincenzo Montella.<\/p>\n","protected":false},"excerpt":{"rendered":"<p>A partir de las 15, con la transmisi\u00f3n de DirecTV, el Pincha ser\u00e1 local de un atractivo duelo ante un rival europeo. El que gane le aportar\u00e1 un punto a su continente. Ambos se preparan para el inicio de sus respectivas competiciones. Un torneo bastante particular tendr\u00e1 hoy el debut de un equipo argentino. Se [&hellip;]<\/p>\n","protected":false},"author":2,"featured_media":17588,"comment_status":"open","ping_status":"open","sticky":false,"template":"","format":"standard","meta":{"_seopress_robots_primary_cat":"","_seopress_titles_title":"","_seopress_titles_desc":"","_seopress_robots_index":"","footnotes":""},"categories":[2],"tags":[96],"class_list":["post-17586","post","type-post","status-publish","format-standard","has-post-thumbnail","hentry","category-futbol","tag-la-plata"],"_links":{"self":[{"href":"https:\/\/www.cordobatimes.com\/deportes\/wp-json\/wp\/v2\/posts\/17586","targetHints":{"allow":["GET"]}}],"collection":[{"href":"https:\/\/www.cordobatimes.com\/deportes\/wp-json\/wp\/v2\/posts"}],"about":[{"href":"https:\/\/www.cordobatimes.com\/deportes\/wp-json\/wp\/v2\/types\/post"}],"author":[{"embeddable":true,"href":"https:\/\/www.cordobatimes.com\/deportes\/wp-json\/wp\/v2\/users\/2"}],"replies":[{"embeddable":true,"href":"https:\/\/www.cordobatimes.com\/deportes\/wp-json\/wp\/v2\/comments?post=17586"}],"version-history":[{"count":0,"href":"https:\/\/www.cordobatimes.com\/deportes\/wp-json\/wp\/v2\/posts\/17586\/revisions"}],"wp:featuredmedia":[{"embeddable":true,"href":"https:\/\/www.cordobatimes.com\/deportes\/wp-json\/wp\/v2\/media\/17588"}],"wp:attachment":[{"href":"https:\/\/www.cordobatimes.com\/deportes\/wp-json\/wp\/v2\/media?parent=17586"}],"wp:term":[{"taxonomy":"category","embeddable":true,"href":"https:\/\/www.cordobatimes.com\/deportes\/wp-json\/wp\/v2\/categories?post=17586"},{"taxonomy":"post_tag","embeddable":true,"href":"https:\/\/www.cordobatimes.com\/deportes\/wp-json\/wp\/v2\/tags?post=17586"}],"curies":[{"name":"wp","href":"https:\/\/api.w.org\/{rel}","templated":true}]}}