{"id":17585,"date":"2014-07-26T12:18:05","date_gmt":"2014-07-26T15:18:05","guid":{"rendered":"http:\/\/www.cordobatimes.com\/deportes\/?p=17585"},"modified":"2014-07-27T18:59:26","modified_gmt":"2014-07-27T21:59:26","slug":"messi-etoo-y-deco-volvieron-a-jugar-juntos-y-dieron-catedra-de-futbol-video","status":"publish","type":"post","link":"https:\/\/www.cordobatimes.com\/deportes\/futbol\/2014\/07\/26\/messi-etoo-y-deco-volvieron-a-jugar-juntos-y-dieron-catedra-de-futbol-video\/","title":{"rendered":"Messi, Eto&#8217;o y Deco volvieron a jugar juntos y dieron c\u00e1tedra de f\u00fatbol (Video)"},"content":{"rendered":"<h3 style=\"text-align: justify;\"><strong><a href=\"http:\/\/www.cordobatimes.com\/deportes\/wp-content\/uploads\/2014\/07\/messi_etoo_deco.jpg\"><img loading=\"lazy\" decoding=\"async\" class=\"alignnone size-full wp-image-17595\" style=\"margin: 5px;\" alt=\"messi_etoo_deco\" src=\"http:\/\/www.cordobatimes.com\/deportes\/wp-content\/uploads\/2014\/07\/messi_etoo_deco.jpg\" width=\"646\" height=\"403\" data-id=\"17595\" srcset=\"https:\/\/www.cordobatimes.com\/deportes\/wp-content\/uploads\/2014\/07\/messi_etoo_deco.jpg 646w, https:\/\/www.cordobatimes.com\/deportes\/wp-content\/uploads\/2014\/07\/messi_etoo_deco-300x187.jpg 300w\" sizes=\"auto, (max-width: 646px) 100vw, 646px\" \/><\/a>El astro argentino estuvo en el partido de despedida del barsile\u00f1o nacionalizado portugu\u00e9s, en el que jugaron el Barcelona de 2006 y Porto 2004. El encuentro termin\u00f3 4 a 4 y Lio entro en el segundo tiempo, meti\u00f3 un gol y particip\u00f3 en los otros tres de su equipo. Mir\u00e1 todos los tantos.\u00a0<\/strong><\/h3>\n<p>&nbsp;<\/p>\n<p style=\"text-align: justify;\">Tras obtener el subcampeonato mundial, Lionel Messi se encontraba de vacaciones y no hab\u00eda vuelto a tocar el verde c\u00e9sped. Sin embargo, la invitaci\u00f3n al partido de despedida de su ex compa\u00f1ero Deco, fue una buena excusa para volver a tocar la &#8220;caprichosa&#8221;.<\/p>\n<p style=\"text-align: justify;\">Como siempre, el crack no defraud\u00f3 y mostr\u00f3 que sigue intacto a pesar de las cr\u00edticas. La &#8220;pulga&#8221; meti\u00f3 un gol de cabeza (s\u00ed, de cabeza) y particip\u00f3 en los otros tres tantos para el empate 4 a 4 entre el Barcelona de 2006 y el Porto de 2004.<\/p>\n<p style=\"text-align: justify;\">Adem\u00e1s, el 10 tuvo la oportunidad de volver a jugar en el mismo equipo que su amigo Samuel Eto&#8217;o, a quien tambi\u00e9n asisti\u00f3 para que pudiera marcar dos goles para el conjunto catal\u00e1n.\u00a0Qued\u00f3 demostrado que el argentino y el camerun\u00e9s se llevan muy, tanto dentro como fuera de la cancha, como en los viejos tiempos.<\/p>\n<p style=\"text-align: justify;\">Por su parte, el portugu\u00e9s homenajeado\u00a0dej\u00f3 el f\u00fatbol a los 36 a\u00f1os y lo hizo en su hogar,\u00a0el Estadio Do Dragao, la casa del Porto, donde se agotaron las entradas y estuvieron presentes 50.000 personas.<\/p>\n<p style=\"text-align: justify;\">El luso se dio el gusto de vestir las camisetas de dos de los equipos m\u00e1s importantes del mundo y de ganar con ambos la Champions League. En la exhibici\u00f3n el mediocampista se puso la dos camisetas y marc\u00f3 dos golazos, uno para cada equipo.<\/p>\n<p style=\"text-align: justify;\">La cuenta la abrir\u00edan primero Derlei y despu\u00e9s McCarthy, para que los portugueses se fueran 2 a 0 arriba al descanso. Con la entrada de Messi se emparej\u00f3 el partido, donde &#8220;Sammy&#8221; y Deco pondr\u00edan la igualdad transitoria para el Barsa.<\/p>\n<p style=\"text-align: justify;\">Luego Jankauskas se encarg\u00f3 de adelantar al Porto, pero Lio otra vez asisti\u00f3 al camerun\u00e9s para poner el 3-3.\u00a0Finalmente, el rosarino anot\u00f3 para su cuenta personal y Deco, que volvi\u00f3 a ponerse la del Porto a cinco del final, se dio el gusto de poner el empate final con una &#8220;joyita&#8221;.<\/p>\n<p style=\"text-align: justify;\">Adem\u00e1s, el volante portugu\u00e9s tuvo el reconocimiento de Mourinho, Roberto Carlos y Figo a trav\u00e9s de mensajes que se mostraron en la pantalla gigante durante los descansos.<\/p>\n<p style=\"text-align: justify;\">Una &#8220;perlita&#8221; sobre el estadio, ya que all\u00ed fue donde\u00a0debut\u00f3 el astro argentino como profesional en Barcelona, all\u00e1 por el 16 de noviembre de 2003, cuando ten\u00eda 16 a\u00f1os, en un amistoso ante Porto.<\/p>\n<p style=\"text-align: justify;\"><strong>Todos los tantos del partido<\/strong><\/p>\n<p><iframe loading=\"lazy\" src=\"\/\/www.youtube.com\/embed\/ye2-0rn0ErI\" height=\"315\" width=\"560\" allowfullscreen=\"\" frameborder=\"0\"><\/iframe><\/p>\n<p style=\"text-align: justify;\"><strong>Formaciones<\/strong><\/p>\n<p style=\"text-align: justify;\"><strong>PORTO 2004:<\/strong>\u00a0V\u00edtor Ba\u00eda. P.Ferreira, J. Costa, P. Emanuel, N. Valente; Costinha, Maniche, P. Mendes, Deco; Derlei, McCarthy \/ Ingresaron: Vale, Carvalho, R. Costa, Secret\u00e1rio, Jankauskas, Andrade, Conceicao, R. Junior, R. Fern\u00e1ndes, Moraes y Mario Silva.<\/p>\n<p style=\"text-align: justify;\"><strong>BARCELONA 2006:<\/strong> Jorquera; Oleguer, Belletti, Gerard, Sylvinho; Davids, van Bommel, van Bronckhorst; Giuly, Santi Ezquerro, Gudjohnsen \/ Ingresaron: Messi, Eto&#8217;o, Djalminha, Deco, Couto y Luizao.<\/p>\n<p style=\"text-align: justify;\"><strong>ESTADIO<\/strong>: Do Dragao (Porto).<\/p>\n","protected":false},"excerpt":{"rendered":"<p>El astro argentino estuvo en el partido de despedida del barsile\u00f1o nacionalizado portugu\u00e9s, en el que jugaron el Barcelona de 2006 y Porto 2004. El encuentro termin\u00f3 4 a 4 y Lio entro en el segundo tiempo, meti\u00f3 un gol y particip\u00f3 en los otros tres de su equipo. Mir\u00e1 todos los tantos.\u00a0 &nbsp; Tras [&hellip;]<\/p>\n","protected":false},"author":5,"featured_media":17595,"comment_status":"open","ping_status":"open","sticky":false,"template":"","format":"standard","meta":{"_seopress_robots_primary_cat":"","_seopress_titles_title":"","_seopress_titles_desc":"","_seopress_robots_index":"","footnotes":""},"categories":[2],"tags":[67,3610,1968,3611,88,591,1708],"class_list":["post-17585","post","type-post","status-publish","format-standard","has-post-thumbnail","hentry","category-futbol","tag-barcelona","tag-deco","tag-etoo","tag-homenaje","tag-messi","tag-partido-despedida","tag-porto"],"_links":{"self":[{"href":"https:\/\/www.cordobatimes.com\/deportes\/wp-json\/wp\/v2\/posts\/17585","targetHints":{"allow":["GET"]}}],"collection":[{"href":"https:\/\/www.cordobatimes.com\/deportes\/wp-json\/wp\/v2\/posts"}],"about":[{"href":"https:\/\/www.cordobatimes.com\/deportes\/wp-json\/wp\/v2\/types\/post"}],"author":[{"embeddable":true,"href":"https:\/\/www.cordobatimes.com\/deportes\/wp-json\/wp\/v2\/users\/5"}],"replies":[{"embeddable":true,"href":"https:\/\/www.cordobatimes.com\/deportes\/wp-json\/wp\/v2\/comments?post=17585"}],"version-history":[{"count":0,"href":"https:\/\/www.cordobatimes.com\/deportes\/wp-json\/wp\/v2\/posts\/17585\/revisions"}],"wp:featuredmedia":[{"embeddable":true,"href":"https:\/\/www.cordobatimes.com\/deportes\/wp-json\/wp\/v2\/media\/17595"}],"wp:attachment":[{"href":"https:\/\/www.cordobatimes.com\/deportes\/wp-json\/wp\/v2\/media?parent=17585"}],"wp:term":[{"taxonomy":"category","embeddable":true,"href":"https:\/\/www.cordobatimes.com\/deportes\/wp-json\/wp\/v2\/categories?post=17585"},{"taxonomy":"post_tag","embeddable":true,"href":"https:\/\/www.cordobatimes.com\/deportes\/wp-json\/wp\/v2\/tags?post=17585"}],"curies":[{"name":"wp","href":"https:\/\/api.w.org\/{rel}","templated":true}]}}