{"id":17505,"date":"2014-07-24T22:00:44","date_gmt":"2014-07-25T01:00:44","guid":{"rendered":"http:\/\/www.cordobatimes.com\/deportes\/?p=17505"},"modified":"2014-07-24T22:16:46","modified_gmt":"2014-07-25T01:16:46","slug":"la-seleccion-de-basquet-debuta-en-el-sudamericano","status":"publish","type":"post","link":"https:\/\/www.cordobatimes.com\/deportes\/basquet\/2014\/07\/24\/la-seleccion-de-basquet-debuta-en-el-sudamericano\/","title":{"rendered":"Sudamericano: Argentina tuvo su debut con victoria ante Ecuador"},"content":{"rendered":"<h3 style=\"text-align: justify;\"><strong><a href=\"http:\/\/www.cordobatimes.com\/deportes\/wp-content\/uploads\/2014\/07\/sudamericano_basquet.jpg\"><img loading=\"lazy\" decoding=\"async\" class=\"alignnone  wp-image-17522\" style=\"margin: 5px;\" alt=\"sudamericano_basquet\" src=\"http:\/\/www.cordobatimes.com\/deportes\/wp-content\/uploads\/2014\/07\/sudamericano_basquet.jpg\" width=\"630\" height=\"400\" data-id=\"17522\" \/><\/a>El seleccionado nacional de b\u00e1squet aplast\u00f3 a los ecuatorianos por 100 a 44.\u00a0Los argentinos volver\u00e1n a presentarse este viernes desde las 19 ante Paraguay, y cerrar\u00e1n su participaci\u00f3n en la fase inicial contra Brasil, el s\u00e1bado.<\/strong><\/h3>\n<p style=\"text-align: justify;\">\n<p style=\"text-align: justify;\">Hoy fue el debut de la selecci\u00f3n argentina en el Sudamericano de b\u00e1squet de Isla Margarita, Venezuela. Los dirigidos por Nicol\u00e1s Casal\u00e1nguida tuvieron una parada muy c\u00f3moda ante Ecuador, cuyo entrenador es Daniel Rodr\u00edguez, tambi\u00e9n argentino y ex jugador de 9 de Julio de R\u00edo Tercero.<\/p>\n<p style=\"text-align: justify;\">El combinado albiceleste se impuso por un contundente 100-44\u00a0y fue con parciales de 10-9, 47-22 y 79-26.\u00a0Marcos Mata, con 15 puntos, 3 rebotes, 1 asistencia y 3 robos, y Pablo Espinoza con 13 puntos, 3 rebotes y 5 robos, fueron las figuras del encuentro.<\/p>\n<p style=\"text-align: justify;\">Los argentinos volver\u00e1n a presentarse este viernes desde las 19 ante Paraguay, y cerrar\u00e1 su participaci\u00f3n en la fase inicial contra Brasil, el s\u00e1bado a la misma hora.<\/p>\n<p style=\"text-align: justify;\">El torneo entrega\u00a0cuatro plazas para el torneo FIBA Am\u00e9ricas 2015 y tres para los Panamericanos de Toronto, tambi\u00e9n el pr\u00f3ximo a\u00f1o.<\/p>\n<p style=\"text-align: justify;\">El plantel nacional est\u00e1 compuesto por jugadores que no integran la NBA: los bases Nicol\u00e1s Laprov\u00edttola (Flamengo, Brasil) y Juan Pablo Figueroa (Franca, Brasil); los escoltas Nicol\u00e1s Richotti (CB Canarias, Espa\u00f1a) y Selem Safar (Obras Sanitarias). Los aleros Franco Giorgetti (Pe\u00f1arol de Mar del Plata), Marcos Mata (Franca, Brasil), Pablo Espinoza (Maca\u00e9, Brasil) y Nicol\u00e1s Brussino (Regatas Corrientes); los ala pivotes Mat\u00edas Bortol\u00edn (Regatas Corrientes) y Nicol\u00e1s Romano (Regatas Corrientes) y los pivotes Mart\u00edn Leiva (Pe\u00f1arol de Mar del Plata) y Marcos Del\u00eda (Obras Sanitarias).<\/p>\n<p style=\"text-align: justify;\">De esta base, m\u00e1s algunas figuras destacadas, saldr\u00e1 el equipo que afrontar\u00e1 el Mundial en Espa\u00f1a, que comenzar\u00e1 en el mes de agosto.<\/p>\n","protected":false},"excerpt":{"rendered":"<p>El seleccionado nacional de b\u00e1squet aplast\u00f3 a los ecuatorianos por 100 a 44.\u00a0Los argentinos volver\u00e1n a presentarse este viernes desde las 19 ante Paraguay, y cerrar\u00e1n su participaci\u00f3n en la fase inicial contra Brasil, el s\u00e1bado. Hoy fue el debut de la selecci\u00f3n argentina en el Sudamericano de b\u00e1squet de Isla Margarita, Venezuela. Los dirigidos [&hellip;]<\/p>\n","protected":false},"author":5,"featured_media":17522,"comment_status":"open","ping_status":"open","sticky":false,"template":"","format":"standard","meta":{"_seopress_robots_primary_cat":"","_seopress_titles_title":"","_seopress_titles_desc":"","_seopress_robots_index":"","footnotes":""},"categories":[3],"tags":[2287],"class_list":["post-17505","post","type-post","status-publish","format-standard","has-post-thumbnail","hentry","category-basquet","tag-venezuela"],"_links":{"self":[{"href":"https:\/\/www.cordobatimes.com\/deportes\/wp-json\/wp\/v2\/posts\/17505","targetHints":{"allow":["GET"]}}],"collection":[{"href":"https:\/\/www.cordobatimes.com\/deportes\/wp-json\/wp\/v2\/posts"}],"about":[{"href":"https:\/\/www.cordobatimes.com\/deportes\/wp-json\/wp\/v2\/types\/post"}],"author":[{"embeddable":true,"href":"https:\/\/www.cordobatimes.com\/deportes\/wp-json\/wp\/v2\/users\/5"}],"replies":[{"embeddable":true,"href":"https:\/\/www.cordobatimes.com\/deportes\/wp-json\/wp\/v2\/comments?post=17505"}],"version-history":[{"count":0,"href":"https:\/\/www.cordobatimes.com\/deportes\/wp-json\/wp\/v2\/posts\/17505\/revisions"}],"wp:featuredmedia":[{"embeddable":true,"href":"https:\/\/www.cordobatimes.com\/deportes\/wp-json\/wp\/v2\/media\/17522"}],"wp:attachment":[{"href":"https:\/\/www.cordobatimes.com\/deportes\/wp-json\/wp\/v2\/media?parent=17505"}],"wp:term":[{"taxonomy":"category","embeddable":true,"href":"https:\/\/www.cordobatimes.com\/deportes\/wp-json\/wp\/v2\/categories?post=17505"},{"taxonomy":"post_tag","embeddable":true,"href":"https:\/\/www.cordobatimes.com\/deportes\/wp-json\/wp\/v2\/tags?post=17505"}],"curies":[{"name":"wp","href":"https:\/\/api.w.org\/{rel}","templated":true}]}}