{"id":17436,"date":"2014-07-24T08:00:42","date_gmt":"2014-07-24T11:00:42","guid":{"rendered":"http:\/\/www.cordobatimes.com\/deportes\/?p=17436"},"modified":"2014-07-26T13:12:05","modified_gmt":"2014-07-26T16:12:05","slug":"recopa-sudamericana-lanus-buscara-la-hazana-en-brasil","status":"publish","type":"post","link":"https:\/\/www.cordobatimes.com\/deportes\/futbol\/2014\/07\/24\/recopa-sudamericana-lanus-buscara-la-hazana-en-brasil\/","title":{"rendered":"Lan\u00fas perdi\u00f3 la Recopa Sudamericana por dos goles en contra"},"content":{"rendered":"<h3><strong><a href=\"http:\/\/www.cordobatimes.com\/deportes\/wp-content\/uploads\/2014\/07\/Lan\u00fas.jpg\"><img loading=\"lazy\" decoding=\"async\" class=\"size-full wp-image-17482 aligncenter\" alt=\"Lan\u00fas\" src=\"http:\/\/www.cordobatimes.com\/deportes\/wp-content\/uploads\/2014\/07\/Lan\u00fas.jpg\" width=\"600\" height=\"400\" data-id=\"17482\" srcset=\"https:\/\/www.cordobatimes.com\/deportes\/wp-content\/uploads\/2014\/07\/Lan\u00fas.jpg 600w, https:\/\/www.cordobatimes.com\/deportes\/wp-content\/uploads\/2014\/07\/Lan\u00fas-300x200.jpg 300w\" sizes=\"auto, (max-width: 600px) 100vw, 600px\" \/><\/a><\/strong><\/h3>\n<h3 style=\"text-align: justify;\"><strong>Tras la ca\u00edda como local por 1-0 en el partido de ida, el Granate gan\u00f3 en tiempo regular y forz\u00f3 el alargue, donde no pudo contra su propia desgracia y termin\u00f3 perdiendo por 3-2. Para colmo, fue expulsado Lautaro Acosta.<\/strong><\/h3>\n<p style=\"text-align: justify;\">\n<p style=\"text-align: justify;\">El pasado mi\u00e9rcoles, Atl\u00e9tico Mineiro venci\u00f3 1-0 a Lan\u00fas en el sur del Gran Buenos Aires. El gol lo anot\u00f3 Diego Tardelli y consigui\u00f3 un gran resultado para el conjunto brasile\u00f1o. Anoche, en el Mineirao, se disput\u00f3 la revancha y ambos conjuntos brindaron un espect\u00e1culo increible,<\/p>\n<p style=\"text-align: justify;\">Diego Tardelli abri\u00f3 la cuenta para los brasile\u00f1os a trav\u00e9s de un penal, Lan\u00fas remont\u00f3 por medio de V\u00edctor Ayala y Santiago Silva, y Maicosuel logr\u00f3 el gol del empate 2-2. En tiempo adicional, Lautaro Acosta captur\u00f3 un rebote del arquero, puso el 3-2 que dejaba la serie igualada y forz\u00f3 el alargue.<\/p>\n<p style=\"text-align: justify;\">All\u00ed, el Granate no pudo con sus propios errores. Primero fue G\u00f3mez, quien tras un centro de Luan puso el pecho y se col\u00f3 en su propio arco. Ese empate clasificaba campe\u00f3n al local. Pocos minutos despu\u00e9s, Ayala no vio a su guardameta Agust\u00edn Marches\u00edn, quiso entregarle la pelota de cabeza pero se le col\u00f3 por encima, anotando un gol en propia meta que quedar\u00e1 en la lista de &#8220;burradas&#8221;. Con el 4-3 final, Atl\u00e9tico Mineiro se consagr\u00f3 en la Recopa Sudamericana.<\/p>\n<p>\u00a0<iframe loading=\"lazy\" src=\"\/\/www.youtube.com\/embed\/JJ9I9LIMVrc\" height=\"315\" width=\"560\" allowfullscreen=\"\" frameborder=\"0\"><\/iframe><\/p>\n<p><strong>FORMACIONES<\/strong><\/p>\n<p><b>Atl\u00e9tico Mineiro:<\/b>\u00a0V\u00edctor; Marcos Rocha, Leonardo Silva, R\u00e9ver, Emerson Concei\u00e7\u00e3o; Pierre, Leandro Donizete, Ronaldinho, Diego Tardelli; Maicosuel y J\u00f4.\u00a0<b>DT:<\/b>\u00a0Levir Culpi.<\/p>\n<p><b>Lan\u00fas:<\/b>\u00a0Agust\u00edn Marches\u00edn; Carlos Araujo o Alejandro Silva, Gustavo G\u00f3mez, Diego Braghieri, Maximiliano Vel\u00e1zquez; Diego Gonz\u00e1lez, Leandro Somoza, Jorge Ortiz, V\u00edctor Ayala; Santiago Silva y Lautaro Acosta.\u00a0<b>DT:<\/b>\u00a0Guillermo Barros Schelotto.<\/p>\n<p>Foto: AFP<\/p>\n","protected":false},"excerpt":{"rendered":"<p>Tras la ca\u00edda como local por 1-0 en el partido de ida, el Granate gan\u00f3 en tiempo regular y forz\u00f3 el alargue, donde no pudo contra su propia desgracia y termin\u00f3 perdiendo por 3-2. Para colmo, fue expulsado Lautaro Acosta. El pasado mi\u00e9rcoles, Atl\u00e9tico Mineiro venci\u00f3 1-0 a Lan\u00fas en el sur del Gran Buenos [&hellip;]<\/p>\n","protected":false},"author":2,"featured_media":17482,"comment_status":"open","ping_status":"open","sticky":false,"template":"","format":"standard","meta":{"_seopress_robots_primary_cat":"","_seopress_titles_title":"","_seopress_titles_desc":"","_seopress_robots_index":"","footnotes":""},"categories":[23,2],"tags":[73,3041,3535],"class_list":["post-17436","post","type-post","status-publish","format-standard","has-post-thumbnail","hentry","category-copa-sudamericana","category-futbol","tag-lanus","tag-mineiro","tag-recopa-sudamericana"],"_links":{"self":[{"href":"https:\/\/www.cordobatimes.com\/deportes\/wp-json\/wp\/v2\/posts\/17436","targetHints":{"allow":["GET"]}}],"collection":[{"href":"https:\/\/www.cordobatimes.com\/deportes\/wp-json\/wp\/v2\/posts"}],"about":[{"href":"https:\/\/www.cordobatimes.com\/deportes\/wp-json\/wp\/v2\/types\/post"}],"author":[{"embeddable":true,"href":"https:\/\/www.cordobatimes.com\/deportes\/wp-json\/wp\/v2\/users\/2"}],"replies":[{"embeddable":true,"href":"https:\/\/www.cordobatimes.com\/deportes\/wp-json\/wp\/v2\/comments?post=17436"}],"version-history":[{"count":0,"href":"https:\/\/www.cordobatimes.com\/deportes\/wp-json\/wp\/v2\/posts\/17436\/revisions"}],"wp:featuredmedia":[{"embeddable":true,"href":"https:\/\/www.cordobatimes.com\/deportes\/wp-json\/wp\/v2\/media\/17482"}],"wp:attachment":[{"href":"https:\/\/www.cordobatimes.com\/deportes\/wp-json\/wp\/v2\/media?parent=17436"}],"wp:term":[{"taxonomy":"category","embeddable":true,"href":"https:\/\/www.cordobatimes.com\/deportes\/wp-json\/wp\/v2\/categories?post=17436"},{"taxonomy":"post_tag","embeddable":true,"href":"https:\/\/www.cordobatimes.com\/deportes\/wp-json\/wp\/v2\/tags?post=17436"}],"curies":[{"name":"wp","href":"https:\/\/api.w.org\/{rel}","templated":true}]}}