{"id":17409,"date":"2014-07-22T18:02:47","date_gmt":"2014-07-22T21:02:47","guid":{"rendered":"http:\/\/www.cordobatimes.com\/deportes\/?p=17409"},"modified":"2019-04-11T22:27:12","modified_gmt":"2019-04-12T01:27:12","slug":"james-rodriguez-fue-presentado-en-real-madrid","status":"publish","type":"post","link":"https:\/\/www.cordobatimes.com\/deportes\/futbol\/2014\/07\/22\/james-rodriguez-fue-presentado-en-real-madrid\/","title":{"rendered":"James Rodr\u00edguez fue presentado en Real Madrid"},"content":{"rendered":"<h3 style=\"text-align: justify;\"><b>El futbolista colombiano, de gran Mundial en Brasil, tuvo su bautismo en la Casa Blanca. M\u00e1s de 30 mil personas se dieron cita en el Estadio Bernab\u00e9u para recibir al nuevo \u00eddolo.<\/b><\/h3>\n<p style=\"text-align: justify;\">Siempre declar\u00f3 que su \u00eddolo era Zidane. Tambi\u00e9n, que so\u00f1aba con vestir alguna vez la camiseta del Real Madrid. Finalmente, las ilusiones de este joven de 23 a\u00f1os se hicieron realidad y desde hoy llevar\u00e1 la 10 Merengue en la espalda.<\/p>\n<p style=\"text-align: justify;\">La fiesta de bienvenida fue completa. Entre otros peque\u00f1os detalles, asistieron el Embajador colombiano en Espa\u00f1a, el Presidente del M\u00f3naco (su ex club) y por supuesto Florentino P\u00e9rez, m\u00e1ximo dirigente del conjunto blanco.<\/p>\n<p style=\"text-align: justify;\">En las tribunas, en tanto, m\u00e1s de 35 mil personas se posaron esperando que James los salude. Y eso hizo, porque se puso la 10, recorri\u00f3 casi todo el terreno de juego y lanz\u00f3 pelotas hacia las gradas.<\/p>\n","protected":false},"excerpt":{"rendered":"<p>El futbolista colombiano, de gran Mundial en Brasil, tuvo su bautismo en la Casa Blanca. M\u00e1s de 30 mil personas se dieron cita en el Estadio Bernab\u00e9u para recibir al nuevo \u00eddolo. Siempre declar\u00f3 que su \u00eddolo era Zidane. Tambi\u00e9n, que so\u00f1aba con vestir alguna vez la camiseta del Real Madrid. Finalmente, las ilusiones de [&hellip;]<\/p>\n","protected":false},"author":2,"featured_media":17410,"comment_status":"open","ping_status":"open","sticky":false,"template":"","format":"standard","meta":{"_seopress_robots_primary_cat":"none","_seopress_titles_title":"","_seopress_titles_desc":"","_seopress_robots_index":"","footnotes":""},"categories":[2,18],"tags":[462,3299,70],"class_list":["post-17409","post","type-post","status-publish","format-standard","has-post-thumbnail","hentry","category-futbol","category-futbol-internacional","tag-colombia","tag-james-rodriguez","tag-real-madrid"],"_links":{"self":[{"href":"https:\/\/www.cordobatimes.com\/deportes\/wp-json\/wp\/v2\/posts\/17409","targetHints":{"allow":["GET"]}}],"collection":[{"href":"https:\/\/www.cordobatimes.com\/deportes\/wp-json\/wp\/v2\/posts"}],"about":[{"href":"https:\/\/www.cordobatimes.com\/deportes\/wp-json\/wp\/v2\/types\/post"}],"author":[{"embeddable":true,"href":"https:\/\/www.cordobatimes.com\/deportes\/wp-json\/wp\/v2\/users\/2"}],"replies":[{"embeddable":true,"href":"https:\/\/www.cordobatimes.com\/deportes\/wp-json\/wp\/v2\/comments?post=17409"}],"version-history":[{"count":0,"href":"https:\/\/www.cordobatimes.com\/deportes\/wp-json\/wp\/v2\/posts\/17409\/revisions"}],"wp:featuredmedia":[{"embeddable":true,"href":"https:\/\/www.cordobatimes.com\/deportes\/wp-json\/wp\/v2\/media\/17410"}],"wp:attachment":[{"href":"https:\/\/www.cordobatimes.com\/deportes\/wp-json\/wp\/v2\/media?parent=17409"}],"wp:term":[{"taxonomy":"category","embeddable":true,"href":"https:\/\/www.cordobatimes.com\/deportes\/wp-json\/wp\/v2\/categories?post=17409"},{"taxonomy":"post_tag","embeddable":true,"href":"https:\/\/www.cordobatimes.com\/deportes\/wp-json\/wp\/v2\/tags?post=17409"}],"curies":[{"name":"wp","href":"https:\/\/api.w.org\/{rel}","templated":true}]}}