{"id":17405,"date":"2014-07-22T15:16:19","date_gmt":"2014-07-22T18:16:19","guid":{"rendered":"http:\/\/www.cordobatimes.com\/deportes\/?p=17405"},"modified":"2014-07-22T15:16:19","modified_gmt":"2014-07-22T18:16:19","slug":"talleres-tres-listas-se-presentaran-para-las-elecciones","status":"publish","type":"post","link":"https:\/\/www.cordobatimes.com\/deportes\/futbol\/2014\/07\/22\/talleres-tres-listas-se-presentaran-para-las-elecciones\/","title":{"rendered":"Talleres: tres listas se presentar\u00e1n para las elecciones"},"content":{"rendered":"<p style=\"text-align: center;\"><a href=\"http:\/\/www.cordobatimes.com\/deportes\/wp-content\/uploads\/2014\/07\/talleres.jpg\"><img loading=\"lazy\" decoding=\"async\" class=\"size-full wp-image-17406 aligncenter\" alt=\"talleres\" src=\"http:\/\/www.cordobatimes.com\/deportes\/wp-content\/uploads\/2014\/07\/talleres.jpg\" width=\"745\" height=\"408\" data-id=\"17406\" srcset=\"https:\/\/www.cordobatimes.com\/deportes\/wp-content\/uploads\/2014\/07\/talleres.jpg 745w, https:\/\/www.cordobatimes.com\/deportes\/wp-content\/uploads\/2014\/07\/talleres-300x164.jpg 300w\" sizes=\"auto, (max-width: 745px) 100vw, 745px\" \/><\/a><\/p>\n<h3 style=\"text-align: justify;\"><b>Hoy a las 13 venci\u00f3 el plazo para la presentaci\u00f3n de listas de cara a las elecciones (aun resta definir la fecha). Rodrigo Escribano, Andr\u00e9s Fassi y Gustavo Lawson ser\u00e1n los candidatos.<\/b><\/h3>\n<p style=\"text-align: justify;\">\n<p style=\"text-align: justify;\">\n<p style=\"text-align: justify;\">Talleres contin\u00faa con su camino a la normalizaci\u00f3n institucional. De esta manera, hoy a las 13 venc\u00eda el plazo para presentar las distintas listas que se presentaran a elecciones. Sin embargo, los comicios todav\u00eda no tienen una fecha fijada, ya que esta se fijar\u00e1 una vez levantada la deuda de siete millones de pesos.<\/p>\n<p style=\"text-align: justify;\">Ser\u00e1n tres las agrupaciones que se disputen la conducci\u00f3n de el Matador: la de Rodrigo Escribano, la de Andr\u00e9s Fassi y la de Gustavo Lawson. Las tres ya completaron sus n\u00f3minas y reunieron los avales necesarios.<\/p>\n<p style=\"text-align: justify;\">Hasta el momento, el padr\u00f3n de socios habilitados para votar no llega a los dos mil, m\u00e1s precisamente, 1845 personas podr\u00e1n sufragar. Habr\u00e1 tiempo hasta el jueves para las impugnaciones de listas.<\/p>\n<p style=\"text-align: justify;\">Rodrigo Escribano conforma Todos por Talleres, acompa\u00f1ado por Jos\u00e9 Rufeil, N\u00e9stor Qui\u00f1ones y Jos\u00e9 Cachavigliani como vices, Osvaldo Tahan como secretario, y Ignacio Reinaldini como tesorero.<\/p>\n<p style=\"text-align: justify;\">Andr\u00e9s Fassi forma parte de Primero Talleres, y se presentar\u00e1 junto a Julio Escarguel, Carlos Merino y Guilermo Carena como vices, Gerardo Moyano Cires como secretario, y Rodolfo Onofri como tesorero.<\/p>\n<p style=\"text-align: justify;\">Por \u00faltimo, Gustavo Lawson conform\u00f3 Talleres es de su Gente e intentara acceder a la presidencia con David de la Colina, Mat\u00edas del Pino y Humberto Antonioli como vices, Facundo Flores como secretario y Nuccetelli.<\/p>\n","protected":false},"excerpt":{"rendered":"<p>Hoy a las 13 venci\u00f3 el plazo para la presentaci\u00f3n de listas de cara a las elecciones (aun resta definir la fecha). Rodrigo Escribano, Andr\u00e9s Fassi y Gustavo Lawson ser\u00e1n los candidatos. Talleres contin\u00faa con su camino a la normalizaci\u00f3n institucional. De esta manera, hoy a las 13 venc\u00eda el plazo para presentar las distintas [&hellip;]<\/p>\n","protected":false},"author":15,"featured_media":17406,"comment_status":"open","ping_status":"open","sticky":false,"template":"","format":"standard","meta":{"_seopress_robots_primary_cat":"","_seopress_titles_title":"","_seopress_titles_desc":"","_seopress_robots_index":"","footnotes":""},"categories":[2],"tags":[3366,3586,3587,1048,40],"class_list":["post-17405","post","type-post","status-publish","format-standard","has-post-thumbnail","hentry","category-futbol","tag-andres-fassi","tag-eleciones","tag-gustavo-lawson","tag-rodrigo-escribano","tag-talleres"],"_links":{"self":[{"href":"https:\/\/www.cordobatimes.com\/deportes\/wp-json\/wp\/v2\/posts\/17405","targetHints":{"allow":["GET"]}}],"collection":[{"href":"https:\/\/www.cordobatimes.com\/deportes\/wp-json\/wp\/v2\/posts"}],"about":[{"href":"https:\/\/www.cordobatimes.com\/deportes\/wp-json\/wp\/v2\/types\/post"}],"author":[{"embeddable":true,"href":"https:\/\/www.cordobatimes.com\/deportes\/wp-json\/wp\/v2\/users\/15"}],"replies":[{"embeddable":true,"href":"https:\/\/www.cordobatimes.com\/deportes\/wp-json\/wp\/v2\/comments?post=17405"}],"version-history":[{"count":0,"href":"https:\/\/www.cordobatimes.com\/deportes\/wp-json\/wp\/v2\/posts\/17405\/revisions"}],"wp:featuredmedia":[{"embeddable":true,"href":"https:\/\/www.cordobatimes.com\/deportes\/wp-json\/wp\/v2\/media\/17406"}],"wp:attachment":[{"href":"https:\/\/www.cordobatimes.com\/deportes\/wp-json\/wp\/v2\/media?parent=17405"}],"wp:term":[{"taxonomy":"category","embeddable":true,"href":"https:\/\/www.cordobatimes.com\/deportes\/wp-json\/wp\/v2\/categories?post=17405"},{"taxonomy":"post_tag","embeddable":true,"href":"https:\/\/www.cordobatimes.com\/deportes\/wp-json\/wp\/v2\/tags?post=17405"}],"curies":[{"name":"wp","href":"https:\/\/api.w.org\/{rel}","templated":true}]}}