{"id":17378,"date":"2014-07-21T16:57:35","date_gmt":"2014-07-21T19:57:35","guid":{"rendered":"http:\/\/www.cordobatimes.com\/deportes\/?p=17378"},"modified":"2014-07-21T16:57:35","modified_gmt":"2014-07-21T19:57:35","slug":"bauza-confirmo-los-11-de-san-lorenzo-para-el-duelo-con-bolivar","status":"publish","type":"post","link":"https:\/\/www.cordobatimes.com\/deportes\/futbol\/2014\/07\/21\/bauza-confirmo-los-11-de-san-lorenzo-para-el-duelo-con-bolivar\/","title":{"rendered":"Bauza confirm\u00f3 los 11 de San Lorenzo para el duelo con Bolivar"},"content":{"rendered":"<h3 style=\"text-align: justify;\"><strong><a href=\"http:\/\/www.cordobatimes.com\/deportes\/wp-content\/uploads\/2014\/07\/San-Lorenzo.png\"><img loading=\"lazy\" decoding=\"async\" class=\"size-full wp-image-17380 aligncenter\" alt=\"San Lorenzo\" src=\"http:\/\/www.cordobatimes.com\/deportes\/wp-content\/uploads\/2014\/07\/San-Lorenzo.png\" width=\"515\" height=\"369\" data-id=\"17380\" srcset=\"https:\/\/www.cordobatimes.com\/deportes\/wp-content\/uploads\/2014\/07\/San-Lorenzo.png 515w, https:\/\/www.cordobatimes.com\/deportes\/wp-content\/uploads\/2014\/07\/San-Lorenzo-300x214.png 300w\" sizes=\"auto, (max-width: 515px) 100vw, 515px\" \/><\/a><\/strong><\/h3>\n<h3 style=\"text-align: justify;\"><strong>Este mi\u00e9rcoles, a partir de las 19.45, el Cicl\u00f3n disputar\u00e1 el partido de ida de la serie de las semifinales de la Copa Libertadores. El DT dispuso que Tito Villalba sea el volante por derecha y tambi\u00e9n incluy\u00f3 a Leandro Romagnoli. Mir\u00e1 el equipo que par\u00f3 el Pat\u00f3n.<\/strong><\/h3>\n<p style=\"text-align: justify;\">\n<p style=\"text-align: justify;\">Se vienen dos encuentros vitales para las ilusiones de todo Boedo. El parate por el Mundial de Brasil hizo que las semis del torneo se disputen reci\u00e9n ahora, por lo cual el rodaje previo al inicio de la Copa no ser\u00e1 el mismo.<\/p>\n<p style=\"text-align: justify;\">Dentro de esa incertidumbre por el funcionamiento, Edgardo Bauza eligi\u00f3 a un equipo con mayor\u00eda de jugadores que ven\u00edan siendo titulares, manteniendo a Julio Buffarini como lateral por derecha y el reemplazo de Mauro Cetto por el colombiano Valdez, quien seguir\u00e1 su carrera en el f\u00fatbol de Estados Unidos.<\/p>\n<p style=\"text-align: justify;\">As\u00ed, los 11 de San Lorenzo para el mi\u00e9rcoles ser\u00e1n:\u00a0Sebasti\u00e1n Torrico; Julio Buffarini, Mauro Cetto, Santiago Gentiletti , Emmanuel Mas; H\u00e9ctor Villalba, Juan Mercier, N\u00e9stor Ortigoza, Ignacio Piatti; Leandro Romagnoli; y Mauro Matos.<\/p>\n<p style=\"text-align: justify;\">La revancha se disputar\u00e1 el mi\u00e9rcoles 30 en el Hernando Siles de la ciudad de La Paz.<\/p>\n","protected":false},"excerpt":{"rendered":"<p>Este mi\u00e9rcoles, a partir de las 19.45, el Cicl\u00f3n disputar\u00e1 el partido de ida de la serie de las semifinales de la Copa Libertadores. El DT dispuso que Tito Villalba sea el volante por derecha y tambi\u00e9n incluy\u00f3 a Leandro Romagnoli. Mir\u00e1 el equipo que par\u00f3 el Pat\u00f3n. Se vienen dos encuentros vitales para las [&hellip;]<\/p>\n","protected":false},"author":2,"featured_media":17380,"comment_status":"open","ping_status":"open","sticky":false,"template":"","format":"standard","meta":{"_seopress_robots_primary_cat":"","_seopress_titles_title":"","_seopress_titles_desc":"","_seopress_robots_index":"","footnotes":""},"categories":[21,2],"tags":[2856,2362,2050],"class_list":["post-17378","post","type-post","status-publish","format-standard","has-post-thumbnail","hentry","category-copa-libertadores","category-futbol","tag-bolivar","tag-copa-libertadores-de-america","tag-san-lorenzo-de-almagro"],"_links":{"self":[{"href":"https:\/\/www.cordobatimes.com\/deportes\/wp-json\/wp\/v2\/posts\/17378","targetHints":{"allow":["GET"]}}],"collection":[{"href":"https:\/\/www.cordobatimes.com\/deportes\/wp-json\/wp\/v2\/posts"}],"about":[{"href":"https:\/\/www.cordobatimes.com\/deportes\/wp-json\/wp\/v2\/types\/post"}],"author":[{"embeddable":true,"href":"https:\/\/www.cordobatimes.com\/deportes\/wp-json\/wp\/v2\/users\/2"}],"replies":[{"embeddable":true,"href":"https:\/\/www.cordobatimes.com\/deportes\/wp-json\/wp\/v2\/comments?post=17378"}],"version-history":[{"count":0,"href":"https:\/\/www.cordobatimes.com\/deportes\/wp-json\/wp\/v2\/posts\/17378\/revisions"}],"wp:featuredmedia":[{"embeddable":true,"href":"https:\/\/www.cordobatimes.com\/deportes\/wp-json\/wp\/v2\/media\/17380"}],"wp:attachment":[{"href":"https:\/\/www.cordobatimes.com\/deportes\/wp-json\/wp\/v2\/media?parent=17378"}],"wp:term":[{"taxonomy":"category","embeddable":true,"href":"https:\/\/www.cordobatimes.com\/deportes\/wp-json\/wp\/v2\/categories?post=17378"},{"taxonomy":"post_tag","embeddable":true,"href":"https:\/\/www.cordobatimes.com\/deportes\/wp-json\/wp\/v2\/tags?post=17378"}],"curies":[{"name":"wp","href":"https:\/\/api.w.org\/{rel}","templated":true}]}}