{"id":17341,"date":"2014-07-20T17:44:00","date_gmt":"2014-07-20T20:44:00","guid":{"rendered":"http:\/\/www.cordobatimes.com\/deportes\/?p=17341"},"modified":"2014-07-20T17:44:00","modified_gmt":"2014-07-20T20:44:00","slug":"rugby-jugadores-de-la-seleccion-francesa-agredidos","status":"publish","type":"post","link":"https:\/\/www.cordobatimes.com\/deportes\/polideportivo\/2014\/07\/20\/rugby-jugadores-de-la-seleccion-francesa-agredidos\/","title":{"rendered":"Rugby: jugadores de la selecci\u00f3n francesa agredidos"},"content":{"rendered":"<p style=\"text-align: center;\"><a href=\"http:\/\/www.cordobatimes.com\/deportes\/wp-content\/uploads\/2014\/07\/Pierre.jpg\"><img loading=\"lazy\" decoding=\"async\" class=\"size-full wp-image-17342 aligncenter\" alt=\"Pierre\" src=\"http:\/\/www.cordobatimes.com\/deportes\/wp-content\/uploads\/2014\/07\/Pierre.jpg\" width=\"590\" height=\"430\" data-id=\"17342\" srcset=\"https:\/\/www.cordobatimes.com\/deportes\/wp-content\/uploads\/2014\/07\/Pierre.jpg 590w, https:\/\/www.cordobatimes.com\/deportes\/wp-content\/uploads\/2014\/07\/Pierre-300x218.jpg 300w\" sizes=\"auto, (max-width: 590px) 100vw, 590px\" \/><\/a><\/p>\n<h3 style=\"text-align: justify;\"><b>Tres miembros de la selecci\u00f3n francesa de rugby resultaron heridos anoche con arma blanca por un grupo de desconocidos. Los rugbiers volv\u00edan al hotel donde se encuentran haciendo la pretemporada. Uno deber\u00e1 ser intervenido quir\u00fargicamente.<\/b><\/h3>\n<h3 style=\"text-align: justify;\"><\/h3>\n<p style=\"text-align: justify;\">\n<p style=\"text-align: justify;\">Los jugadores del Clermont Auvergne, tambi\u00e9n parte de la selecci\u00f3n gala, fueron heridos anoche cuando volv\u00edan a su hotel en Millau, donde est\u00e1n concentrados preparando la pretemporada. Fueron atacados por un conjunto de desconocidos que los hirieron con un arma blanca.<\/p>\n<p style=\"text-align: justify;\">Julien Pierre, uno de los afectados, deber\u00e1 ser operado ya que los cortes producidos en un muslo le han afectado algunos m\u00fasculos, seg\u00fan informaron desde el equipo en un comunicado oficial.<\/p>\n<p style=\"text-align: justify;\">Los otros dos miembros que debieron ser hospitalizados fueron Benjamin Kayser y Aur\u00e9lien Rougeri, ambos con heridas en sus brazos.<\/p>\n<p style=\"text-align: justify;\">En una entrevista televisiva, Jean-Marc Lhermet, director general del club, cont\u00f3 que los atletas volv\u00edan por la noche al hotel cuando un grupo de individuos en moto se abalanz\u00f3 sobre ellos y los agredieron sin dar ninguna explicaci\u00f3n. Luego se dieron a la fuga sin dejar ning\u00fan rastro.<\/p>\n","protected":false},"excerpt":{"rendered":"<p>Tres miembros de la selecci\u00f3n francesa de rugby resultaron heridos anoche con arma blanca por un grupo de desconocidos. Los rugbiers volv\u00edan al hotel donde se encuentran haciendo la pretemporada. Uno deber\u00e1 ser intervenido quir\u00fargicamente. Los jugadores del Clermont Auvergne, tambi\u00e9n parte de la selecci\u00f3n gala, fueron heridos anoche cuando volv\u00edan a su hotel en [&hellip;]<\/p>\n","protected":false},"author":15,"featured_media":17342,"comment_status":"open","ping_status":"open","sticky":false,"template":"","format":"standard","meta":{"_seopress_robots_primary_cat":"","_seopress_titles_title":"","_seopress_titles_desc":"","_seopress_robots_index":"","footnotes":""},"categories":[6,8],"tags":[1257,3569,3568,366,5562],"class_list":["post-17341","post","type-post","status-publish","format-standard","has-post-thumbnail","hentry","category-polideportivo","category-rugby","tag-agresion","tag-arma-blanca","tag-clermont","tag-francia","tag-rugby"],"_links":{"self":[{"href":"https:\/\/www.cordobatimes.com\/deportes\/wp-json\/wp\/v2\/posts\/17341","targetHints":{"allow":["GET"]}}],"collection":[{"href":"https:\/\/www.cordobatimes.com\/deportes\/wp-json\/wp\/v2\/posts"}],"about":[{"href":"https:\/\/www.cordobatimes.com\/deportes\/wp-json\/wp\/v2\/types\/post"}],"author":[{"embeddable":true,"href":"https:\/\/www.cordobatimes.com\/deportes\/wp-json\/wp\/v2\/users\/15"}],"replies":[{"embeddable":true,"href":"https:\/\/www.cordobatimes.com\/deportes\/wp-json\/wp\/v2\/comments?post=17341"}],"version-history":[{"count":0,"href":"https:\/\/www.cordobatimes.com\/deportes\/wp-json\/wp\/v2\/posts\/17341\/revisions"}],"wp:featuredmedia":[{"embeddable":true,"href":"https:\/\/www.cordobatimes.com\/deportes\/wp-json\/wp\/v2\/media\/17342"}],"wp:attachment":[{"href":"https:\/\/www.cordobatimes.com\/deportes\/wp-json\/wp\/v2\/media?parent=17341"}],"wp:term":[{"taxonomy":"category","embeddable":true,"href":"https:\/\/www.cordobatimes.com\/deportes\/wp-json\/wp\/v2\/categories?post=17341"},{"taxonomy":"post_tag","embeddable":true,"href":"https:\/\/www.cordobatimes.com\/deportes\/wp-json\/wp\/v2\/tags?post=17341"}],"curies":[{"name":"wp","href":"https:\/\/api.w.org\/{rel}","templated":true}]}}