{"id":17334,"date":"2014-07-20T15:23:34","date_gmt":"2014-07-20T18:23:34","guid":{"rendered":"http:\/\/www.cordobatimes.com\/deportes\/?p=17334"},"modified":"2014-07-20T15:23:34","modified_gmt":"2014-07-20T18:23:34","slug":"boca-suma-seis-refuerzos-para-la-proxima-temporada","status":"publish","type":"post","link":"https:\/\/www.cordobatimes.com\/deportes\/basquet\/2014\/07\/20\/boca-suma-seis-refuerzos-para-la-proxima-temporada\/","title":{"rendered":"Boca suma seis refuerzos para la pr\u00f3xima temporada"},"content":{"rendered":"<h3 style=\"text-align: justify;\"><strong><a href=\"http:\/\/www.cordobatimes.com\/deportes\/wp-content\/uploads\/2014\/07\/LNB.jpg\"><img loading=\"lazy\" decoding=\"async\" class=\"size-full wp-image-17335 aligncenter\" alt=\"LNB\" src=\"http:\/\/www.cordobatimes.com\/deportes\/wp-content\/uploads\/2014\/07\/LNB.jpg\" width=\"660\" height=\"420\" data-id=\"17335\" srcset=\"https:\/\/www.cordobatimes.com\/deportes\/wp-content\/uploads\/2014\/07\/LNB.jpg 660w, https:\/\/www.cordobatimes.com\/deportes\/wp-content\/uploads\/2014\/07\/LNB-300x190.jpg 300w\" sizes=\"auto, (max-width: 660px) 100vw, 660px\" \/><\/a><\/strong><\/h3>\n<h3 style=\"text-align: justify;\"><strong>La dirigencia Xeneize confirm\u00f3 a seis jugadores para la 2014\/15, quienes se suman a Lucas Faggiano. El t\u00e9cnico Ronaldo C\u00f3rdoba cuenta con siete fichas para disputar la Liga Nacional de B\u00e1squet.<\/strong><\/h3>\n<p style=\"text-align: justify;\">\n<p style=\"text-align: justify;\">Los jugadores que han sido confirmados el pasado mi\u00e9rcoles son el base armador Jonatan Treise, el perimetral Nicol\u00e1s Copello, los aleros Axel Weigand, Mat\u00edas Sandes, Fabi\u00e1n Ram\u00edrez Barrios y el pivote Pedro Calder\u00f3n.<\/p>\n<p style=\"text-align: justify;\">Todos ellos se suman al \u00fanico jugador de la temporada pasada que se mantendr\u00e1 en la pr\u00f3xima campa\u00f1a, Lucas Faggiano, por lo cual Boca ya tiene siete nombres confirmados para la edici\u00f3n 2014\/2015 de la Liga Nacional de B\u00e1squet.<\/p>\n<p style=\"text-align: justify;\">Por otra parte, el club informa que dio por finalizadas las negociaciones con el escolta entrerriano Paolo Quinteros. Su puesto ser\u00e1 ocupado por un tirador extranjero cuyo nombre ser\u00e1 anunciado en los pr\u00f3ximos d\u00edas. Esa ficha, otro for\u00e1neo y los tres juveniles ser\u00e1n los \u00faltimos integrantes de la campa\u00f1a 2014\/2015 que a\u00fan restan confirmar.<\/p>\n<p style=\"text-align: justify;\">Por \u00faltimo, el Club Atl\u00e9tico Boca Juniors inform\u00f3 que el plantel ser\u00e1 presentado a la prensa especializada con un importante evento el pr\u00f3ximo d\u00eda martes 5 de agosto. Oportunamente, se le brindar\u00e1n a la prensa especializada mayores detalles sobre esta presentaci\u00f3n.<\/p>\n<p style=\"text-align: justify;\">Fuente: LNB<\/p>\n","protected":false},"excerpt":{"rendered":"<p>La dirigencia Xeneize confirm\u00f3 a seis jugadores para la 2014\/15, quienes se suman a Lucas Faggiano. El t\u00e9cnico Ronaldo C\u00f3rdoba cuenta con siete fichas para disputar la Liga Nacional de B\u00e1squet. Los jugadores que han sido confirmados el pasado mi\u00e9rcoles son el base armador Jonatan Treise, el perimetral Nicol\u00e1s Copello, los aleros Axel Weigand, Mat\u00edas [&hellip;]<\/p>\n","protected":false},"author":2,"featured_media":17335,"comment_status":"open","ping_status":"open","sticky":false,"template":"","format":"standard","meta":{"_seopress_robots_primary_cat":"","_seopress_titles_title":"","_seopress_titles_desc":"","_seopress_robots_index":"","footnotes":""},"categories":[3],"tags":[170,3567],"class_list":["post-17334","post","type-post","status-publish","format-standard","has-post-thumbnail","hentry","category-basquet","tag-lnb","tag-refuerzos-de-boca-para-la-temporada-2014-2015-de-la-liga-nacional-de-basquet"],"_links":{"self":[{"href":"https:\/\/www.cordobatimes.com\/deportes\/wp-json\/wp\/v2\/posts\/17334","targetHints":{"allow":["GET"]}}],"collection":[{"href":"https:\/\/www.cordobatimes.com\/deportes\/wp-json\/wp\/v2\/posts"}],"about":[{"href":"https:\/\/www.cordobatimes.com\/deportes\/wp-json\/wp\/v2\/types\/post"}],"author":[{"embeddable":true,"href":"https:\/\/www.cordobatimes.com\/deportes\/wp-json\/wp\/v2\/users\/2"}],"replies":[{"embeddable":true,"href":"https:\/\/www.cordobatimes.com\/deportes\/wp-json\/wp\/v2\/comments?post=17334"}],"version-history":[{"count":0,"href":"https:\/\/www.cordobatimes.com\/deportes\/wp-json\/wp\/v2\/posts\/17334\/revisions"}],"wp:featuredmedia":[{"embeddable":true,"href":"https:\/\/www.cordobatimes.com\/deportes\/wp-json\/wp\/v2\/media\/17335"}],"wp:attachment":[{"href":"https:\/\/www.cordobatimes.com\/deportes\/wp-json\/wp\/v2\/media?parent=17334"}],"wp:term":[{"taxonomy":"category","embeddable":true,"href":"https:\/\/www.cordobatimes.com\/deportes\/wp-json\/wp\/v2\/categories?post=17334"},{"taxonomy":"post_tag","embeddable":true,"href":"https:\/\/www.cordobatimes.com\/deportes\/wp-json\/wp\/v2\/tags?post=17334"}],"curies":[{"name":"wp","href":"https:\/\/api.w.org\/{rel}","templated":true}]}}