{"id":17308,"date":"2014-07-20T14:33:02","date_gmt":"2014-07-20T17:33:02","guid":{"rendered":"http:\/\/www.cordobatimes.com\/deportes\/?p=17308"},"modified":"2014-07-20T14:33:20","modified_gmt":"2014-07-20T17:33:20","slug":"leo-mayer-obtuvo-su-primer-titulo-de-atp","status":"publish","type":"post","link":"https:\/\/www.cordobatimes.com\/deportes\/tenis\/2014\/07\/20\/leo-mayer-obtuvo-su-primer-titulo-de-atp\/","title":{"rendered":"Leo Mayer obtuvo su primer t\u00edtulo de ATP"},"content":{"rendered":"<h3><strong><a href=\"http:\/\/www.cordobatimes.com\/deportes\/wp-content\/uploads\/2014\/07\/Mayer4.jpg\"><img loading=\"lazy\" decoding=\"async\" class=\"size-full wp-image-17309 aligncenter\" alt=\"Mayer\" src=\"http:\/\/www.cordobatimes.com\/deportes\/wp-content\/uploads\/2014\/07\/Mayer4.jpg\" width=\"640\" height=\"359\" data-id=\"17309\" srcset=\"https:\/\/www.cordobatimes.com\/deportes\/wp-content\/uploads\/2014\/07\/Mayer4.jpg 640w, https:\/\/www.cordobatimes.com\/deportes\/wp-content\/uploads\/2014\/07\/Mayer4-300x168.jpg 300w\" sizes=\"auto, (max-width: 640px) 100vw, 640px\" \/><\/a><\/strong><\/h3>\n<h3><strong>El tenista argentino derrot\u00f3 en la final de Hamburgo a David Ferrer, n\u00famero 7 del ranking mundial, por\u00a06-7 (3-7), 6-1 y 7-6 (7-4), en 2 horas y 20 minutos de partido. Desde el lunes ascender\u00e1 al puesto 27 del escalaf\u00f3n.<\/strong><\/h3>\n<p>&nbsp;<\/p>\n<p>Fue un gran torneo para el Yacar\u00e9, que fue demostrando su gran nivel con el correr de las fases. Hoy, en polvo de ladrillo, ante un especialista y top ten, termin\u00f3 de consagrarse con el t\u00edtulo, el primero desde que es profesional en el circuito.<\/p>\n<p>El ATP 500 de Hamburgo signific\u00f3, adem\u00e1s, que el correntino (actualmente 46) logre los puntos necesarios para escalar en el ranking y ser, a partir de ma\u00f1ana, el 27 jugador del planeta.<\/p>\n<p>Este certamen alem\u00e1n, que reparte premios por 1.322.150 euros, tuvo a lo largo de su historia tres campeones argentinos: Guillermo Vilas en 1978, Guillermo Coria en 2003 y Juan M\u00f3naco en 2012.<\/p>\n","protected":false},"excerpt":{"rendered":"<p>El tenista argentino derrot\u00f3 en la final de Hamburgo a David Ferrer, n\u00famero 7 del ranking mundial, por\u00a06-7 (3-7), 6-1 y 7-6 (7-4), en 2 horas y 20 minutos de partido. Desde el lunes ascender\u00e1 al puesto 27 del escalaf\u00f3n. &nbsp; Fue un gran torneo para el Yacar\u00e9, que fue demostrando su gran nivel con [&hellip;]<\/p>\n","protected":false},"author":2,"featured_media":17309,"comment_status":"open","ping_status":"open","sticky":false,"template":"","format":"standard","meta":{"_seopress_robots_primary_cat":"","_seopress_titles_title":"","_seopress_titles_desc":"","_seopress_robots_index":"","footnotes":""},"categories":[4],"tags":[202,3561,5559],"class_list":["post-17308","post","type-post","status-publish","format-standard","has-post-thumbnail","hentry","category-tenis","tag-atp","tag-mayer-campeon-en-hamburgo","tag-tenis"],"_links":{"self":[{"href":"https:\/\/www.cordobatimes.com\/deportes\/wp-json\/wp\/v2\/posts\/17308","targetHints":{"allow":["GET"]}}],"collection":[{"href":"https:\/\/www.cordobatimes.com\/deportes\/wp-json\/wp\/v2\/posts"}],"about":[{"href":"https:\/\/www.cordobatimes.com\/deportes\/wp-json\/wp\/v2\/types\/post"}],"author":[{"embeddable":true,"href":"https:\/\/www.cordobatimes.com\/deportes\/wp-json\/wp\/v2\/users\/2"}],"replies":[{"embeddable":true,"href":"https:\/\/www.cordobatimes.com\/deportes\/wp-json\/wp\/v2\/comments?post=17308"}],"version-history":[{"count":0,"href":"https:\/\/www.cordobatimes.com\/deportes\/wp-json\/wp\/v2\/posts\/17308\/revisions"}],"wp:featuredmedia":[{"embeddable":true,"href":"https:\/\/www.cordobatimes.com\/deportes\/wp-json\/wp\/v2\/media\/17309"}],"wp:attachment":[{"href":"https:\/\/www.cordobatimes.com\/deportes\/wp-json\/wp\/v2\/media?parent=17308"}],"wp:term":[{"taxonomy":"category","embeddable":true,"href":"https:\/\/www.cordobatimes.com\/deportes\/wp-json\/wp\/v2\/categories?post=17308"},{"taxonomy":"post_tag","embeddable":true,"href":"https:\/\/www.cordobatimes.com\/deportes\/wp-json\/wp\/v2\/tags?post=17308"}],"curies":[{"name":"wp","href":"https:\/\/api.w.org\/{rel}","templated":true}]}}