{"id":17291,"date":"2014-07-19T12:29:02","date_gmt":"2014-07-19T15:29:02","guid":{"rendered":"http:\/\/www.cordobatimes.com\/deportes\/?p=17291"},"modified":"2014-07-19T15:23:09","modified_gmt":"2014-07-19T18:23:09","slug":"andres-chavez-es-nuevo-refuerzo-de-boca","status":"publish","type":"post","link":"https:\/\/www.cordobatimes.com\/deportes\/futbol\/2014\/07\/19\/andres-chavez-es-nuevo-refuerzo-de-boca\/","title":{"rendered":"Andr\u00e9s Ch\u00e1vez es nuevo refuerzo de Boca"},"content":{"rendered":"<h3><strong><a href=\"http:\/\/www.cordobatimes.com\/deportes\/wp-content\/uploads\/2014\/07\/Chavez.jpg\"><img loading=\"lazy\" decoding=\"async\" class=\"size-full wp-image-17292 aligncenter\" alt=\"\" src=\"http:\/\/www.cordobatimes.com\/deportes\/wp-content\/uploads\/2014\/07\/Chavez.jpg\" width=\"640\" height=\"360\" data-id=\"17292\" srcset=\"https:\/\/www.cordobatimes.com\/deportes\/wp-content\/uploads\/2014\/07\/Chavez.jpg 640w, https:\/\/www.cordobatimes.com\/deportes\/wp-content\/uploads\/2014\/07\/Chavez-300x168.jpg 300w\" sizes=\"auto, (max-width: 640px) 100vw, 640px\" \/><\/a><\/strong><\/h3>\n<h3 style=\"text-align: justify;\"><strong>&#8220;La Bestia&#8221;, que tuvo un gran campeonato en Banfield durante la \u00faltima temporada de la B Nacional, llega al club de la Ribera para aportarle goles a la delantera. Firmar\u00e1 su contrato durante la pr\u00f3xima semana y se pondr\u00e1 a las \u00f3rdenes de Bianchi.<\/strong><\/h3>\n<p style=\"text-align: justify;\">\n<p style=\"text-align: justify;\">Tras las llegadas de Gonzalo Castellani, Jonathan Calleri y Federico Carrizo, el Xeneize cerr\u00f3 su cuarta incorporaci\u00f3n de cara a la pr\u00f3xima temporada. Se trata de uno de los jugadores m\u00e1s destacados en el conjunto de Mat\u00edas Almeyda que ascendi\u00f3 desde la segunda categor\u00eda del f\u00fatbol argentino.<\/p>\n<p style=\"text-align: justify;\">Andr\u00e9s Ch\u00e1vez cerrar\u00e1 su contrato (ya est\u00e1 arreglado de palabra) durante los pr\u00f3ximos d\u00edas y podr\u00e1 ponerse a la par de sus compa\u00f1eros y bajo las ordenes del Virrey. El acuerdo se produjo por el 50% del pase a cambio de 2.200.000 d\u00f3lares. De esa forma, el Taladro contar\u00e1 con la otra mitad para una posible futura venta.<\/p>\n","protected":false},"excerpt":{"rendered":"<p>&#8220;La Bestia&#8221;, que tuvo un gran campeonato en Banfield durante la \u00faltima temporada de la B Nacional, llega al club de la Ribera para aportarle goles a la delantera. Firmar\u00e1 su contrato durante la pr\u00f3xima semana y se pondr\u00e1 a las \u00f3rdenes de Bianchi. Tras las llegadas de Gonzalo Castellani, Jonathan Calleri y Federico Carrizo, [&hellip;]<\/p>\n","protected":false},"author":2,"featured_media":17292,"comment_status":"open","ping_status":"open","sticky":false,"template":"","format":"standard","meta":{"_seopress_robots_primary_cat":"","_seopress_titles_title":"","_seopress_titles_desc":"","_seopress_robots_index":"","footnotes":""},"categories":[2,16],"tags":[3556,358,52,1537],"class_list":["post-17291","post","type-post","status-publish","format-standard","has-post-thumbnail","hentry","category-futbol","category-primera-division","tag-andres-chavez","tag-banfield","tag-boca","tag-refuerzo"],"_links":{"self":[{"href":"https:\/\/www.cordobatimes.com\/deportes\/wp-json\/wp\/v2\/posts\/17291","targetHints":{"allow":["GET"]}}],"collection":[{"href":"https:\/\/www.cordobatimes.com\/deportes\/wp-json\/wp\/v2\/posts"}],"about":[{"href":"https:\/\/www.cordobatimes.com\/deportes\/wp-json\/wp\/v2\/types\/post"}],"author":[{"embeddable":true,"href":"https:\/\/www.cordobatimes.com\/deportes\/wp-json\/wp\/v2\/users\/2"}],"replies":[{"embeddable":true,"href":"https:\/\/www.cordobatimes.com\/deportes\/wp-json\/wp\/v2\/comments?post=17291"}],"version-history":[{"count":0,"href":"https:\/\/www.cordobatimes.com\/deportes\/wp-json\/wp\/v2\/posts\/17291\/revisions"}],"wp:featuredmedia":[{"embeddable":true,"href":"https:\/\/www.cordobatimes.com\/deportes\/wp-json\/wp\/v2\/media\/17292"}],"wp:attachment":[{"href":"https:\/\/www.cordobatimes.com\/deportes\/wp-json\/wp\/v2\/media?parent=17291"}],"wp:term":[{"taxonomy":"category","embeddable":true,"href":"https:\/\/www.cordobatimes.com\/deportes\/wp-json\/wp\/v2\/categories?post=17291"},{"taxonomy":"post_tag","embeddable":true,"href":"https:\/\/www.cordobatimes.com\/deportes\/wp-json\/wp\/v2\/tags?post=17291"}],"curies":[{"name":"wp","href":"https:\/\/api.w.org\/{rel}","templated":true}]}}