{"id":17265,"date":"2014-07-18T11:17:50","date_gmt":"2014-07-18T14:17:50","guid":{"rendered":"http:\/\/www.cordobatimes.com\/deportes\/?p=17265"},"modified":"2014-07-18T11:21:50","modified_gmt":"2014-07-18T14:21:50","slug":"sergio-almiron-es-el-nuevo-dt-de-independiente","status":"publish","type":"post","link":"https:\/\/www.cordobatimes.com\/deportes\/futbol\/2014\/07\/18\/sergio-almiron-es-el-nuevo-dt-de-independiente\/","title":{"rendered":"Sergio Almir\u00f3n es el nuevo DT de Independiente"},"content":{"rendered":"<h3><strong><a href=\"http:\/\/www.cordobatimes.com\/deportes\/wp-content\/uploads\/2014\/07\/Almiron.jpg\"><img loading=\"lazy\" decoding=\"async\" class=\"size-full wp-image-17266 aligncenter\" alt=\"Almiron\" src=\"http:\/\/www.cordobatimes.com\/deportes\/wp-content\/uploads\/2014\/07\/Almiron.jpg\" width=\"526\" height=\"394\" data-id=\"17266\" srcset=\"https:\/\/www.cordobatimes.com\/deportes\/wp-content\/uploads\/2014\/07\/Almiron.jpg 526w, https:\/\/www.cordobatimes.com\/deportes\/wp-content\/uploads\/2014\/07\/Almiron-300x224.jpg 300w\" sizes=\"auto, (max-width: 526px) 100vw, 526px\" \/><\/a><\/strong><\/h3>\n<h3 style=\"text-align: justify;\"><strong>Luego de la renuncia de Omar De Felippe y el &#8220;no&#8221; de Gabriel Milito, el ex entrenador de Godoy Cruz cerr\u00f3 su contrato de palabra y ser\u00e1 presentado despu\u00e9s del mediod\u00eda para sumarse a la pretemporada.<\/strong><\/h3>\n<p style=\"text-align: justify;\">\n<p style=\"text-align: justify;\">Hace pocos d\u00edas, debido a la falta de refuerzos, De Felippe decidi\u00f3 pegar el portazo y alejarse de la instituci\u00f3n de Avellaneda. Casi al mismo tiempo y por id\u00e9ntica raz\u00f3n, Sergio Almir\u00f3n dejaba de ser el conductor del Tomba mendocino, ya que le hab\u00edan &#8220;desarmado&#8221; el plantel y las caras nuevas no llegaban.<\/p>\n<p style=\"text-align: justify;\">Horas m\u00e1s tarde, la presidencia de Hugo Moyano hicieron un sondeo pero todav\u00eda esperaban por la confirmaci\u00f3n de Milito, quien era el apuntado para calzarse el buzo de DT. El ex marcador central parec\u00eda convencido pero finalmente no acept\u00f3 la propuesta y la debieron salir a buscar otro.<\/p>\n<p style=\"text-align: justify;\">Ah\u00ed reflot\u00f3 el nombre de Almir\u00f3n, quien cerr\u00f3 su contrato esta ma\u00f1ana y a partir de las 13.30 ser\u00e1 presentado, sum\u00e1ndose inmediatamente a los trabajos previos al inicio del campeonato.<\/p>\n","protected":false},"excerpt":{"rendered":"<p>Luego de la renuncia de Omar De Felippe y el &#8220;no&#8221; de Gabriel Milito, el ex entrenador de Godoy Cruz cerr\u00f3 su contrato de palabra y ser\u00e1 presentado despu\u00e9s del mediod\u00eda para sumarse a la pretemporada. Hace pocos d\u00edas, debido a la falta de refuerzos, De Felippe decidi\u00f3 pegar el portazo y alejarse de la [&hellip;]<\/p>\n","protected":false},"author":2,"featured_media":17266,"comment_status":"open","ping_status":"open","sticky":false,"template":"","format":"standard","meta":{"_seopress_robots_primary_cat":"","_seopress_titles_title":"","_seopress_titles_desc":"","_seopress_robots_index":"","footnotes":""},"categories":[2,16],"tags":[1040,65,2890,3549],"class_list":["post-17265","post","type-post","status-publish","format-standard","has-post-thumbnail","hentry","category-futbol","category-primera-division","tag-dt","tag-independiente","tag-milito","tag-sergio-almiron"],"_links":{"self":[{"href":"https:\/\/www.cordobatimes.com\/deportes\/wp-json\/wp\/v2\/posts\/17265","targetHints":{"allow":["GET"]}}],"collection":[{"href":"https:\/\/www.cordobatimes.com\/deportes\/wp-json\/wp\/v2\/posts"}],"about":[{"href":"https:\/\/www.cordobatimes.com\/deportes\/wp-json\/wp\/v2\/types\/post"}],"author":[{"embeddable":true,"href":"https:\/\/www.cordobatimes.com\/deportes\/wp-json\/wp\/v2\/users\/2"}],"replies":[{"embeddable":true,"href":"https:\/\/www.cordobatimes.com\/deportes\/wp-json\/wp\/v2\/comments?post=17265"}],"version-history":[{"count":0,"href":"https:\/\/www.cordobatimes.com\/deportes\/wp-json\/wp\/v2\/posts\/17265\/revisions"}],"wp:featuredmedia":[{"embeddable":true,"href":"https:\/\/www.cordobatimes.com\/deportes\/wp-json\/wp\/v2\/media\/17266"}],"wp:attachment":[{"href":"https:\/\/www.cordobatimes.com\/deportes\/wp-json\/wp\/v2\/media?parent=17265"}],"wp:term":[{"taxonomy":"category","embeddable":true,"href":"https:\/\/www.cordobatimes.com\/deportes\/wp-json\/wp\/v2\/categories?post=17265"},{"taxonomy":"post_tag","embeddable":true,"href":"https:\/\/www.cordobatimes.com\/deportes\/wp-json\/wp\/v2\/tags?post=17265"}],"curies":[{"name":"wp","href":"https:\/\/api.w.org\/{rel}","templated":true}]}}