{"id":17192,"date":"2014-07-16T17:06:27","date_gmt":"2014-07-16T20:06:27","guid":{"rendered":"http:\/\/www.cordobatimes.com\/deportes\/?p=17192"},"modified":"2014-07-16T17:06:27","modified_gmt":"2014-07-16T20:06:27","slug":"emotiva-carta-de-higuain-a-messi","status":"publish","type":"post","link":"https:\/\/www.cordobatimes.com\/deportes\/futbol\/2014\/07\/16\/emotiva-carta-de-higuain-a-messi\/","title":{"rendered":"Emotiva carta de Higua\u00edn a Messi"},"content":{"rendered":"<h3><strong><a href=\"http:\/\/www.cordobatimes.com\/deportes\/wp-content\/uploads\/2014\/07\/Pipa-Messi.jpg\"><img loading=\"lazy\" decoding=\"async\" class=\"size-full wp-image-17193 aligncenter\" alt=\"Pipa-Messi\" src=\"http:\/\/www.cordobatimes.com\/deportes\/wp-content\/uploads\/2014\/07\/Pipa-Messi.jpg\" width=\"600\" height=\"450\" data-id=\"17193\" srcset=\"https:\/\/www.cordobatimes.com\/deportes\/wp-content\/uploads\/2014\/07\/Pipa-Messi.jpg 600w, https:\/\/www.cordobatimes.com\/deportes\/wp-content\/uploads\/2014\/07\/Pipa-Messi-300x225.jpg 300w\" sizes=\"auto, (max-width: 600px) 100vw, 600px\" \/><\/a><\/strong><\/h3>\n<h3 style=\"text-align: justify;\"><strong>El delantero del N\u00e1poli aprovech\u00f3 su cuenta personal de Facebook para dedicarle un texto a su compa\u00f1ero y amigo Lionel Messi. Lo defiende de las cr\u00edticas, cuenta el arduo camino que debi\u00f3 transitar para llegar a la cima futbol\u00edstica y le dese\u00f3 \u00e9xitos para su futuro.<\/strong><\/h3>\n<p style=\"text-align: justify;\">\n<p style=\"text-align: justify;\">Carta completa:<\/p>\n<p style=\"text-align: justify;\">Miren esta imagen, es la tristeza en persona. Un chico que creci\u00f3 en el silencio de nuestra sociedad, el cual nuestro pa\u00eds le dio la espalda a la hora de llevar su tratamiento, un chico que desde los 11 a\u00f1os se someti\u00f3 a miles de inyecciones para poder crecer y poder triunfar con nuestros colores dici\u00e9ndole que NO a Espa\u00f1a, pa\u00eds donde lo respetan como se merece y con el que ya hubiese alcanzado la\u00a0gloria en el 2010.<\/p>\n<p style=\"text-align: justify;\">\u00bfY todav\u00eda lo ponen en duda? Les puedo asegurar que ninguno de los que vimos el partido por tv o en la cancha est\u00e1 sufriendo ni siquiera 1\/4 de lo que lo sufre \u00e9l.<\/p>\n<p style=\"text-align: justify;\">\u00c9l sufre m\u00e1s que nadie el no poder haber tra\u00eddo la copa, \u00e9l sufre m\u00e1s que nadie su disparo que sali\u00f3 rosando el poste izquierdo de Neuer, pero tambi\u00e9n les puedo asegurar que \u00e9l no fue tan feliz como los miles de argentinos que gritamos su goles decisivos en la primera ronda para poder clasificar,\u00bf por qu\u00e9?<\/p>\n<p style=\"text-align: justify;\">Porque mientras \u00e9l jugaba, estaba con la presi\u00f3n de saber que el partido siguiente ten\u00eda que dar el doble de esfuerzo y que aunque el estuviera brillando siempre alg\u00fan mal intencionado iba a reprocharle algo. Cuando brill\u00f3 individualmente, se criticaba la &#8220;Messi dependencia&#8221; del equipo y cuando se puso el traje de obrero para que el equipo funcione y brille, lo tildaban de &#8220;pecho frio&#8221;, &#8220;que desapareci\u00f3&#8221; y miles de cosas m\u00e1s.<\/p>\n<p style=\"text-align: justify;\">Como ver\u00e1n, los argentinos nunca se conforman. Han cometido el grave error de compararte con Maradona, siendo jugadores distintos en momentos distintos y en planteos t\u00e1cticos distintos, quiz\u00e1s no hayas tra\u00eddo la copa como Maradona, pero puedo agradecerte de ser un ejemplo como profesional y humano al no estar perdido en un mundo de drogas dando mala imagen o hablando barbaridades ni pele\u00e1ndote con otras personas.<\/p>\n<p style=\"text-align: justify;\">Nunca dejes de ser ese ni\u00f1o que solo quiere jugar a la pelota, espero se arrepientan de todo lo que te dicen y siempre voy a estar agradecido de que seas ARGENTINO. \u00a1Gracias enano! Tus l\u00e1grimas y cada una de las de los 23 HEROES Argentinos siempre van a estar en m\u00ed.. GRACIAS POR INVITARME A SO\u00d1AR<br \/>\n\u00a1Te quiero mucho amigo!<\/p>\n","protected":false},"excerpt":{"rendered":"<p>El delantero del N\u00e1poli aprovech\u00f3 su cuenta personal de Facebook para dedicarle un texto a su compa\u00f1ero y amigo Lionel Messi. Lo defiende de las cr\u00edticas, cuenta el arduo camino que debi\u00f3 transitar para llegar a la cima futbol\u00edstica y le dese\u00f3 \u00e9xitos para su futuro. Carta completa: Miren esta imagen, es la tristeza en [&hellip;]<\/p>\n","protected":false},"author":2,"featured_media":17193,"comment_status":"open","ping_status":"open","sticky":false,"template":"","format":"standard","meta":{"_seopress_robots_primary_cat":"","_seopress_titles_title":"","_seopress_titles_desc":"","_seopress_robots_index":"","footnotes":""},"categories":[2],"tags":[26,3532,3531],"class_list":["post-17192","post","type-post","status-publish","format-standard","has-post-thumbnail","hentry","category-futbol","tag-argentina","tag-carta-de-higuain-a-messi","tag-higuain-messi"],"_links":{"self":[{"href":"https:\/\/www.cordobatimes.com\/deportes\/wp-json\/wp\/v2\/posts\/17192","targetHints":{"allow":["GET"]}}],"collection":[{"href":"https:\/\/www.cordobatimes.com\/deportes\/wp-json\/wp\/v2\/posts"}],"about":[{"href":"https:\/\/www.cordobatimes.com\/deportes\/wp-json\/wp\/v2\/types\/post"}],"author":[{"embeddable":true,"href":"https:\/\/www.cordobatimes.com\/deportes\/wp-json\/wp\/v2\/users\/2"}],"replies":[{"embeddable":true,"href":"https:\/\/www.cordobatimes.com\/deportes\/wp-json\/wp\/v2\/comments?post=17192"}],"version-history":[{"count":0,"href":"https:\/\/www.cordobatimes.com\/deportes\/wp-json\/wp\/v2\/posts\/17192\/revisions"}],"wp:featuredmedia":[{"embeddable":true,"href":"https:\/\/www.cordobatimes.com\/deportes\/wp-json\/wp\/v2\/media\/17193"}],"wp:attachment":[{"href":"https:\/\/www.cordobatimes.com\/deportes\/wp-json\/wp\/v2\/media?parent=17192"}],"wp:term":[{"taxonomy":"category","embeddable":true,"href":"https:\/\/www.cordobatimes.com\/deportes\/wp-json\/wp\/v2\/categories?post=17192"},{"taxonomy":"post_tag","embeddable":true,"href":"https:\/\/www.cordobatimes.com\/deportes\/wp-json\/wp\/v2\/tags?post=17192"}],"curies":[{"name":"wp","href":"https:\/\/api.w.org\/{rel}","templated":true}]}}