{"id":17191,"date":"2014-07-16T17:26:35","date_gmt":"2014-07-16T20:26:35","guid":{"rendered":"http:\/\/www.cordobatimes.com\/deportes\/?p=17191"},"modified":"2014-07-16T17:26:35","modified_gmt":"2014-07-16T20:26:35","slug":"omar-de-felippe-renuncio-como-dt-de-independiente","status":"publish","type":"post","link":"https:\/\/www.cordobatimes.com\/deportes\/futbol\/2014\/07\/16\/omar-de-felippe-renuncio-como-dt-de-independiente\/","title":{"rendered":"Omar De Felippe renunci\u00f3 como DT de Independiente"},"content":{"rendered":"<p style=\"text-align: center;\"><a href=\"http:\/\/www.cordobatimes.com\/deportes\/wp-content\/uploads\/2014\/07\/De-Felippe.jpg\"><img loading=\"lazy\" decoding=\"async\" class=\"size-full wp-image-17202 aligncenter\" alt=\"De Felippe\" src=\"http:\/\/www.cordobatimes.com\/deportes\/wp-content\/uploads\/2014\/07\/De-Felippe.jpg\" width=\"600\" height=\"399\" data-id=\"17202\" srcset=\"https:\/\/www.cordobatimes.com\/deportes\/wp-content\/uploads\/2014\/07\/De-Felippe.jpg 600w, https:\/\/www.cordobatimes.com\/deportes\/wp-content\/uploads\/2014\/07\/De-Felippe-300x199.jpg 300w\" sizes=\"auto, (max-width: 600px) 100vw, 600px\" \/><\/a><\/p>\n<h3 style=\"text-align: justify;\"><b>El DT renunci\u00f3 este mediod\u00eda a la direcci\u00f3n t\u00e9cnica roja. A poco m\u00e1s de dos semanas para el inicio del torneo, sus reemplazantes podr\u00edan ser Gabriel Milito o Jorge Burruchaga.<\/b><\/h3>\n<h3 style=\"text-align: justify;\"><\/h3>\n<p style=\"text-align: justify;\">\n<p style=\"text-align: justify;\">Omar De Felippe dejo su cargo enfrente de Independiente hoy al mediod\u00eda por diferencias con la nueva comisi\u00f3n directiva respecto a los refuerzos. En lo econ\u00f3mico ya ten\u00eda todo arreglado,\u00a0 pero debido a que todav\u00eda no llegaba ninguna cara nueva al plantel, decidi\u00f3 dar un paso al costado. Las alternativas para sucederlo son Gabriel Milito (actualmente entrenador de la reserva), y Jorge Burruchaga, quien viene de conseguir la permanencia con Atl\u00e9tico de Rafaela.<\/p>\n<p style=\"text-align: justify;\">\u201cA Omar lo queremos mucho, pero hay una l\u00ednea que seguir y respetar y no podemos hacer locuras econ\u00f3micas\u201d, dijo H\u00e9ctor Maldonado, Secretario General del club. Aunque el dirigente no quiso dar por definida la salida de De Felippe, ya se le ofreci\u00f3 el cargo al \u201cGabi\u201d Milito, que aparece como primera opci\u00f3n y deber\u00e1 contestar en las pr\u00f3ximas horas.<\/p>\n<p style=\"text-align: justify;\">\u201cEstamos sorprendidos. No sab\u00edamos nada, pero somos un plantel unido. Los que quedamos estamos m\u00e1s fuertes que nunca\u201d, fueron las palabras de algunos jugadores cuando se enteraron de la noticia en la Reserva Cardales, donde el Rojo realiza la pretemporada.<\/p>\n","protected":false},"excerpt":{"rendered":"<p>El DT renunci\u00f3 este mediod\u00eda a la direcci\u00f3n t\u00e9cnica roja. A poco m\u00e1s de dos semanas para el inicio del torneo, sus reemplazantes podr\u00edan ser Gabriel Milito o Jorge Burruchaga. Omar De Felippe dejo su cargo enfrente de Independiente hoy al mediod\u00eda por diferencias con la nueva comisi\u00f3n directiva respecto a los refuerzos. En lo [&hellip;]<\/p>\n","protected":false},"author":15,"featured_media":17202,"comment_status":"open","ping_status":"open","sticky":false,"template":"","format":"standard","meta":{"_seopress_robots_primary_cat":"","_seopress_titles_title":"","_seopress_titles_desc":"","_seopress_robots_index":"","footnotes":""},"categories":[2,16],"tags":[33,65,2595,3536,1894],"class_list":["post-17191","post","type-post","status-publish","format-standard","has-post-thumbnail","hentry","category-futbol","category-primera-division","tag-afa","tag-independiente","tag-omar-de-felippe","tag-primera-divison","tag-renuncia"],"_links":{"self":[{"href":"https:\/\/www.cordobatimes.com\/deportes\/wp-json\/wp\/v2\/posts\/17191","targetHints":{"allow":["GET"]}}],"collection":[{"href":"https:\/\/www.cordobatimes.com\/deportes\/wp-json\/wp\/v2\/posts"}],"about":[{"href":"https:\/\/www.cordobatimes.com\/deportes\/wp-json\/wp\/v2\/types\/post"}],"author":[{"embeddable":true,"href":"https:\/\/www.cordobatimes.com\/deportes\/wp-json\/wp\/v2\/users\/15"}],"replies":[{"embeddable":true,"href":"https:\/\/www.cordobatimes.com\/deportes\/wp-json\/wp\/v2\/comments?post=17191"}],"version-history":[{"count":0,"href":"https:\/\/www.cordobatimes.com\/deportes\/wp-json\/wp\/v2\/posts\/17191\/revisions"}],"wp:featuredmedia":[{"embeddable":true,"href":"https:\/\/www.cordobatimes.com\/deportes\/wp-json\/wp\/v2\/media\/17202"}],"wp:attachment":[{"href":"https:\/\/www.cordobatimes.com\/deportes\/wp-json\/wp\/v2\/media?parent=17191"}],"wp:term":[{"taxonomy":"category","embeddable":true,"href":"https:\/\/www.cordobatimes.com\/deportes\/wp-json\/wp\/v2\/categories?post=17191"},{"taxonomy":"post_tag","embeddable":true,"href":"https:\/\/www.cordobatimes.com\/deportes\/wp-json\/wp\/v2\/tags?post=17191"}],"curies":[{"name":"wp","href":"https:\/\/api.w.org\/{rel}","templated":true}]}}