{"id":17183,"date":"2014-07-16T11:50:00","date_gmt":"2014-07-16T14:50:00","guid":{"rendered":"http:\/\/www.cordobatimes.com\/deportes\/?p=17183"},"modified":"2014-07-16T11:51:20","modified_gmt":"2014-07-16T14:51:20","slug":"el-clasico-entre-talleres-e-instituto-no-se-jugara-2","status":"publish","type":"post","link":"https:\/\/www.cordobatimes.com\/deportes\/futbol\/2014\/07\/16\/el-clasico-entre-talleres-e-instituto-no-se-jugara-2\/","title":{"rendered":"El cl\u00e1sico entre Talleres e Instituto no se jugar\u00e1"},"content":{"rendered":"<p style=\"text-align: center;\"><a href=\"http:\/\/www.cordobatimes.com\/deportes\/wp-content\/uploads\/2014\/07\/IACC-Talleres.jpg\"><img loading=\"lazy\" decoding=\"async\" class=\"size-large wp-image-17184 aligncenter\" alt=\"IACC - Talleres\" src=\"http:\/\/www.cordobatimes.com\/deportes\/wp-content\/uploads\/2014\/07\/IACC-Talleres-1024x576.jpg\" width=\"1024\" height=\"576\" data-id=\"17184\" srcset=\"https:\/\/www.cordobatimes.com\/deportes\/wp-content\/uploads\/2014\/07\/IACC-Talleres-1024x576.jpg 1024w, https:\/\/www.cordobatimes.com\/deportes\/wp-content\/uploads\/2014\/07\/IACC-Talleres-300x168.jpg 300w, https:\/\/www.cordobatimes.com\/deportes\/wp-content\/uploads\/2014\/07\/IACC-Talleres.jpg 1140w\" sizes=\"auto, (max-width: 1024px) 100vw, 1024px\" \/><\/a><\/p>\n<h3 style=\"text-align: justify;\"><b>Gloriosos y Matadores se iban a ver las caras el domingo 27 de julio, pero debido a que la \u201cT\u201d tiene compromiso por la Copa Argentina, finalmente se cay\u00f3.<\/b><\/h3>\n<p style=\"text-align: justify;\">\n<p style=\"text-align: justify;\">El cl\u00e1sico entre Talleres e Instituto, que estaba diagramado para el 27 de julio, se termin\u00f3 cancelando ayer por la tarde por cuestiones de agendas del conjunto de Barrio Jard\u00edn. De esta manera no podr\u00e1n medirse en lo que promet\u00eda ser un amistoso de alto vuelo.<\/p>\n<p style=\"text-align: justify;\">Esto se debe a que el Matador juega el 25 de julio (viernes), por los 16avos de final de la Copa Argentina. Dicho choque se llevara a cabo en Rafaela (Santa Fe), y enfrentara nada m\u00e1s y nada menos que a Newell\u2019s.<\/p>\n<p style=\"text-align: justify;\">De esta manera, ya son pr\u00e1cticamente m\u00ednimas las posibilidades que albirrojos y albiazules se vean las caras previo al comienzo de sus respectivos torneos (Argentino A y Primera B Nacional).<\/p>\n","protected":false},"excerpt":{"rendered":"<p>Gloriosos y Matadores se iban a ver las caras el domingo 27 de julio, pero debido a que la \u201cT\u201d tiene compromiso por la Copa Argentina, finalmente se cay\u00f3. El cl\u00e1sico entre Talleres e Instituto, que estaba diagramado para el 27 de julio, se termin\u00f3 cancelando ayer por la tarde por cuestiones de agendas del [&hellip;]<\/p>\n","protected":false},"author":15,"featured_media":17184,"comment_status":"open","ping_status":"open","sticky":false,"template":"","format":"standard","meta":{"_seopress_robots_primary_cat":"","_seopress_titles_title":"","_seopress_titles_desc":"","_seopress_robots_index":"","footnotes":""},"categories":[2,17],"tags":[3530,2819,34,5569,35,40],"class_list":["post-17183","post","type-post","status-publish","format-standard","has-post-thumbnail","hentry","category-futbol","category-nacional-b","tag-amisoto","tag-argentino-a","tag-b-nacional","tag-copa-argentina","tag-instituto","tag-talleres"],"_links":{"self":[{"href":"https:\/\/www.cordobatimes.com\/deportes\/wp-json\/wp\/v2\/posts\/17183","targetHints":{"allow":["GET"]}}],"collection":[{"href":"https:\/\/www.cordobatimes.com\/deportes\/wp-json\/wp\/v2\/posts"}],"about":[{"href":"https:\/\/www.cordobatimes.com\/deportes\/wp-json\/wp\/v2\/types\/post"}],"author":[{"embeddable":true,"href":"https:\/\/www.cordobatimes.com\/deportes\/wp-json\/wp\/v2\/users\/15"}],"replies":[{"embeddable":true,"href":"https:\/\/www.cordobatimes.com\/deportes\/wp-json\/wp\/v2\/comments?post=17183"}],"version-history":[{"count":0,"href":"https:\/\/www.cordobatimes.com\/deportes\/wp-json\/wp\/v2\/posts\/17183\/revisions"}],"wp:featuredmedia":[{"embeddable":true,"href":"https:\/\/www.cordobatimes.com\/deportes\/wp-json\/wp\/v2\/media\/17184"}],"wp:attachment":[{"href":"https:\/\/www.cordobatimes.com\/deportes\/wp-json\/wp\/v2\/media?parent=17183"}],"wp:term":[{"taxonomy":"category","embeddable":true,"href":"https:\/\/www.cordobatimes.com\/deportes\/wp-json\/wp\/v2\/categories?post=17183"},{"taxonomy":"post_tag","embeddable":true,"href":"https:\/\/www.cordobatimes.com\/deportes\/wp-json\/wp\/v2\/tags?post=17183"}],"curies":[{"name":"wp","href":"https:\/\/api.w.org\/{rel}","templated":true}]}}