{"id":17176,"date":"2014-07-16T10:57:02","date_gmt":"2014-07-16T13:57:02","guid":{"rendered":"http:\/\/www.cordobatimes.com\/deportes\/?p=17176"},"modified":"2014-07-16T11:00:32","modified_gmt":"2014-07-16T14:00:32","slug":"keylor-navas-seria-el-nuevo-arquero-del-real-madrid","status":"publish","type":"post","link":"https:\/\/www.cordobatimes.com\/deportes\/futbol\/2014\/07\/16\/keylor-navas-seria-el-nuevo-arquero-del-real-madrid\/","title":{"rendered":"Keylor Navas ser\u00eda el nuevo arquero del Real Madrid"},"content":{"rendered":"<p style=\"text-align: center;\"><a href=\"http:\/\/www.cordobatimes.com\/deportes\/wp-content\/uploads\/2014\/07\/Navas.jpg\"><img loading=\"lazy\" decoding=\"async\" class=\"size-full wp-image-17177 aligncenter\" alt=\"Navas\" src=\"http:\/\/www.cordobatimes.com\/deportes\/wp-content\/uploads\/2014\/07\/Navas.jpg\" width=\"624\" height=\"469\" data-id=\"17177\" srcset=\"https:\/\/www.cordobatimes.com\/deportes\/wp-content\/uploads\/2014\/07\/Navas.jpg 624w, https:\/\/www.cordobatimes.com\/deportes\/wp-content\/uploads\/2014\/07\/Navas-300x225.jpg 300w\" sizes=\"auto, (max-width: 624px) 100vw, 624px\" \/><\/a><\/p>\n<h3 style=\"text-align: justify;\"><b>Diferentes medios espa\u00f1oles aseguran que el portero costarricense tendr\u00eda todo arreglado con la entidad Merengue, y que ahora esperan que se arregle la salida de Diego L\u00f3pez.<\/b><\/h3>\n<p style=\"text-align: justify;\">\n<p style=\"text-align: justify;\">Luego de convertirse en uno de los mejores arqueros del Mundial, Keylor Navas era observado por varios equipos importantes del viejo continente. Finalmente, y seg\u00fan distintas publicaciones de Espa\u00f1a, el guardameta se convertir\u00eda en jugador del Real Madrid en la siguiente temporada.<\/p>\n<p style=\"text-align: justify;\">Seg\u00fan el diario Marca, uno de los m\u00e1s prestigiosos en el pa\u00eds Ib\u00e9rico en cuanto a materia de deportes, el equipo blanco pag\u00f3 la cl\u00e1usula de rescisi\u00f3n de Navas al Levante, equipo con el que ten\u00eda contrato hasta 2015. De esta manera, el Madrid pagar\u00eda 10 millones de euros por hacerse con los servicios del jugador costarricense.<\/p>\n<p style=\"text-align: justify;\">La llegada de Navas provocar\u00eda la salida de Diego L\u00f3pez, al cual el club Merengue le est\u00e1 buscando una buena salida para poder percibir algo de dinero. Suenan el M\u00f3naco y N\u00e1poli como posibles destinos.<\/p>\n","protected":false},"excerpt":{"rendered":"<p>Diferentes medios espa\u00f1oles aseguran que el portero costarricense tendr\u00eda todo arreglado con la entidad Merengue, y que ahora esperan que se arregle la salida de Diego L\u00f3pez. Luego de convertirse en uno de los mejores arqueros del Mundial, Keylor Navas era observado por varios equipos importantes del viejo continente. Finalmente, y seg\u00fan distintas publicaciones de [&hellip;]<\/p>\n","protected":false},"author":15,"featured_media":17177,"comment_status":"open","ping_status":"open","sticky":false,"template":"","format":"standard","meta":{"_seopress_robots_primary_cat":"","_seopress_titles_title":"","_seopress_titles_desc":"","_seopress_robots_index":"","footnotes":""},"categories":[2,18],"tags":[1647,3500,3105,70],"class_list":["post-17176","post","type-post","status-publish","format-standard","has-post-thumbnail","hentry","category-futbol","category-futbol-internacional","tag-costa-rica","tag-keylor-navas","tag-pase","tag-real-madrid"],"_links":{"self":[{"href":"https:\/\/www.cordobatimes.com\/deportes\/wp-json\/wp\/v2\/posts\/17176","targetHints":{"allow":["GET"]}}],"collection":[{"href":"https:\/\/www.cordobatimes.com\/deportes\/wp-json\/wp\/v2\/posts"}],"about":[{"href":"https:\/\/www.cordobatimes.com\/deportes\/wp-json\/wp\/v2\/types\/post"}],"author":[{"embeddable":true,"href":"https:\/\/www.cordobatimes.com\/deportes\/wp-json\/wp\/v2\/users\/15"}],"replies":[{"embeddable":true,"href":"https:\/\/www.cordobatimes.com\/deportes\/wp-json\/wp\/v2\/comments?post=17176"}],"version-history":[{"count":0,"href":"https:\/\/www.cordobatimes.com\/deportes\/wp-json\/wp\/v2\/posts\/17176\/revisions"}],"wp:featuredmedia":[{"embeddable":true,"href":"https:\/\/www.cordobatimes.com\/deportes\/wp-json\/wp\/v2\/media\/17177"}],"wp:attachment":[{"href":"https:\/\/www.cordobatimes.com\/deportes\/wp-json\/wp\/v2\/media?parent=17176"}],"wp:term":[{"taxonomy":"category","embeddable":true,"href":"https:\/\/www.cordobatimes.com\/deportes\/wp-json\/wp\/v2\/categories?post=17176"},{"taxonomy":"post_tag","embeddable":true,"href":"https:\/\/www.cordobatimes.com\/deportes\/wp-json\/wp\/v2\/tags?post=17176"}],"curies":[{"name":"wp","href":"https:\/\/api.w.org\/{rel}","templated":true}]}}