{"id":17145,"date":"2014-07-15T11:20:54","date_gmt":"2014-07-15T14:20:54","guid":{"rendered":"http:\/\/www.cordobatimes.com\/deportes\/?p=17145"},"modified":"2014-07-15T11:20:54","modified_gmt":"2014-07-15T14:20:54","slug":"talleres-finaliza-la-pretemporada-en-san-jorge","status":"publish","type":"post","link":"https:\/\/www.cordobatimes.com\/deportes\/futbol\/2014\/07\/15\/talleres-finaliza-la-pretemporada-en-san-jorge\/","title":{"rendered":"Talleres finaliza la pretemporada en San Jorge"},"content":{"rendered":"<p style=\"text-align: center;\"><a href=\"http:\/\/www.cordobatimes.com\/deportes\/wp-content\/uploads\/2014\/07\/Ghiso.jpg\"><img loading=\"lazy\" decoding=\"async\" class=\"size-full wp-image-17146 aligncenter\" alt=\"Ghiso\" src=\"http:\/\/www.cordobatimes.com\/deportes\/wp-content\/uploads\/2014\/07\/Ghiso.jpg\" width=\"550\" height=\"413\" data-id=\"17146\" srcset=\"https:\/\/www.cordobatimes.com\/deportes\/wp-content\/uploads\/2014\/07\/Ghiso.jpg 550w, https:\/\/www.cordobatimes.com\/deportes\/wp-content\/uploads\/2014\/07\/Ghiso-300x225.jpg 300w\" sizes=\"auto, (max-width: 550px) 100vw, 550px\" \/><\/a><\/p>\n<h3 style=\"text-align: justify;\"><b>El plantel de la \u201cT\u201d se entrenar\u00e1 hoy en triple turno en lo que ser\u00e1 el \u00faltimo d\u00eda de pretemporada en la localidad santafesina de San Jorge. Ma\u00f1ana pasado el mediod\u00eda emprender\u00e1 su regreso a C\u00f3rdoba.<\/b><\/h3>\n<p style=\"text-align: justify;\">\n<p style=\"text-align: justify;\">\n<p style=\"text-align: justify;\">El conjunto de Barrio Jard\u00edn concluye hoy la parte m\u00e1s dura de la pretmeporada que se llev\u00f3 a cabo en la localidad de San Jorge, Provincia de Santa Fe. Los jugadores se entrenar\u00e1n en triple turno y ma\u00f1ana despu\u00e9s del mediod\u00eda regresaran hacia La Docta y comenzar\u00e1n a pensar en el amistoso frente a Belgrano, el s\u00e1bado a las 19 en el Kempes.<\/p>\n<p style=\"text-align: justify;\">Recordemos que Gabriel Carabajal est\u00e1 en C\u00f3rdoba desde la semana pasada recuper\u00e1ndose de una lesi\u00f3n, mientras que Nery Leyes volvi\u00f3 a entrenarse con sus compa\u00f1eros. Agust\u00edn D\u00edaz y Ezequiel Barrionuevo trabajan diferenciado debido a molestias musculares.<\/p>\n<p style=\"text-align: justify;\">Respecto a los refuerzos, Santiago Biglieri suena como una alternativa para reforzar el ataque, luego de la ida de Gonzalo Klusener y caerse las posibilidades de Ra\u00fal Est\u00e9vez y \u00c1lvaro Klusener. Tambi\u00e9n, por la transferencia de Cristian Pav\u00f3n a Boca llegar\u00edan al Matador el arquero Sebasti\u00e1n D\u2019Angelo y el mediocampista Adri\u00e1n Cubas.<\/p>\n","protected":false},"excerpt":{"rendered":"<p>El plantel de la \u201cT\u201d se entrenar\u00e1 hoy en triple turno en lo que ser\u00e1 el \u00faltimo d\u00eda de pretemporada en la localidad santafesina de San Jorge. Ma\u00f1ana pasado el mediod\u00eda emprender\u00e1 su regreso a C\u00f3rdoba. El conjunto de Barrio Jard\u00edn concluye hoy la parte m\u00e1s dura de la pretmeporada que se llev\u00f3 a cabo [&hellip;]<\/p>\n","protected":false},"author":15,"featured_media":17146,"comment_status":"open","ping_status":"open","sticky":false,"template":"","format":"standard","meta":{"_seopress_robots_primary_cat":"","_seopress_titles_title":"","_seopress_titles_desc":"","_seopress_robots_index":"","footnotes":""},"categories":[2],"tags":[2819,2616,1017,1445,40],"class_list":["post-17145","post","type-post","status-publish","format-standard","has-post-thumbnail","hentry","category-futbol","tag-argentino-a","tag-jorge-ghiso","tag-pretemporada","tag-san-jorge","tag-talleres"],"_links":{"self":[{"href":"https:\/\/www.cordobatimes.com\/deportes\/wp-json\/wp\/v2\/posts\/17145","targetHints":{"allow":["GET"]}}],"collection":[{"href":"https:\/\/www.cordobatimes.com\/deportes\/wp-json\/wp\/v2\/posts"}],"about":[{"href":"https:\/\/www.cordobatimes.com\/deportes\/wp-json\/wp\/v2\/types\/post"}],"author":[{"embeddable":true,"href":"https:\/\/www.cordobatimes.com\/deportes\/wp-json\/wp\/v2\/users\/15"}],"replies":[{"embeddable":true,"href":"https:\/\/www.cordobatimes.com\/deportes\/wp-json\/wp\/v2\/comments?post=17145"}],"version-history":[{"count":0,"href":"https:\/\/www.cordobatimes.com\/deportes\/wp-json\/wp\/v2\/posts\/17145\/revisions"}],"wp:featuredmedia":[{"embeddable":true,"href":"https:\/\/www.cordobatimes.com\/deportes\/wp-json\/wp\/v2\/media\/17146"}],"wp:attachment":[{"href":"https:\/\/www.cordobatimes.com\/deportes\/wp-json\/wp\/v2\/media?parent=17145"}],"wp:term":[{"taxonomy":"category","embeddable":true,"href":"https:\/\/www.cordobatimes.com\/deportes\/wp-json\/wp\/v2\/categories?post=17145"},{"taxonomy":"post_tag","embeddable":true,"href":"https:\/\/www.cordobatimes.com\/deportes\/wp-json\/wp\/v2\/tags?post=17145"}],"curies":[{"name":"wp","href":"https:\/\/api.w.org\/{rel}","templated":true}]}}