{"id":17109,"date":"2014-07-14T11:40:48","date_gmt":"2014-07-14T14:40:48","guid":{"rendered":"http:\/\/www.cordobatimes.com\/deportes\/?p=17109"},"modified":"2014-07-14T11:40:48","modified_gmt":"2014-07-14T14:40:48","slug":"el-papa-francisco-no-vio-la-final","status":"publish","type":"post","link":"https:\/\/www.cordobatimes.com\/deportes\/futbol\/2014\/07\/14\/el-papa-francisco-no-vio-la-final\/","title":{"rendered":"El Papa Francisco no vio la final"},"content":{"rendered":"<p style=\"text-align: center;\"><a href=\"http:\/\/www.cordobatimes.com\/deportes\/wp-content\/uploads\/2014\/07\/Francisco.jpg\"><img loading=\"lazy\" decoding=\"async\" class=\"size-full wp-image-17110 aligncenter\" alt=\"Francisco\" src=\"http:\/\/www.cordobatimes.com\/deportes\/wp-content\/uploads\/2014\/07\/Francisco.jpg\" width=\"611\" height=\"458\" data-id=\"17110\" srcset=\"https:\/\/www.cordobatimes.com\/deportes\/wp-content\/uploads\/2014\/07\/Francisco.jpg 611w, https:\/\/www.cordobatimes.com\/deportes\/wp-content\/uploads\/2014\/07\/Francisco-300x224.jpg 300w\" sizes=\"auto, (max-width: 611px) 100vw, 611px\" \/><\/a><\/p>\n<h3 style=\"text-align: justify;\"><b>Desde el Vaticano aseguraron que Francisco no quiso ver la final de Brasil 2014 por decisi\u00f3n propia. \u201cLo iba a seguir seg\u00fan lo que \u00edbamos informando nosotros\u201d, afirmaron<\/b>.<\/h3>\n<p style=\"text-align: justify;\">\n<p style=\"text-align: justify;\">\n<p style=\"text-align: justify;\">Esta ma\u00f1ana miembros del Vaticano confirmaron que el Papa no vio la final entre Argentina y Alemania por decisi\u00f3n propia. Se debi\u00f3 a que prefiri\u00f3 tomar una posici\u00f3n neutral, como ya lo hab\u00eda prometido.\u00a0 \u201cEl papa dijo que no lo iba a ver, que lo iba a seguir seg\u00fan lo que \u00edbamos informando nosotros, paso a paso\u201d, revel\u00f3 Karcher, ceremoniero pontificio.<\/p>\n<p style=\"text-align: justify;\">Previo a la final, una multitud de argentinos se hab\u00edan acercado al Vaticano para poder ver al Sumo Pont\u00edfice, quien no tiene problemas en mostrar su pasi\u00f3n por el f\u00fatbol. Fan\u00e1tico de San Lorenzo, durante el torneo se filtr\u00f3 un v\u00eddeo donde se lo ve\u00eda chicaneando a un obispo brasilero.<\/p>\n<p style=\"text-align: justify;\">Finalmente para este partido prefiri\u00f3 estar ajeno a la situaci\u00f3n. \u201cEsta ma\u00f1ana lo salud\u00e9 y le dije: comencemos el d\u00eda con una sonrisa, a pesar de la derrota\u201d, cerr\u00f3 Karcher.<\/p>\n","protected":false},"excerpt":{"rendered":"<p>Desde el Vaticano aseguraron que Francisco no quiso ver la final de Brasil 2014 por decisi\u00f3n propia. \u201cLo iba a seguir seg\u00fan lo que \u00edbamos informando nosotros\u201d, afirmaron. Esta ma\u00f1ana miembros del Vaticano confirmaron que el Papa no vio la final entre Argentina y Alemania por decisi\u00f3n propia. Se debi\u00f3 a que prefiri\u00f3 tomar una [&hellip;]<\/p>\n","protected":false},"author":15,"featured_media":17110,"comment_status":"open","ping_status":"open","sticky":false,"template":"","format":"standard","meta":{"_seopress_robots_primary_cat":"","_seopress_titles_title":"","_seopress_titles_desc":"","_seopress_robots_index":"","footnotes":""},"categories":[2,22],"tags":[476,925,960,622],"class_list":["post-17109","post","type-post","status-publish","format-standard","has-post-thumbnail","hentry","category-futbol","category-mundial-brasil-2014","tag-brasil-2014","tag-final","tag-papa-francisco","tag-vaticano"],"_links":{"self":[{"href":"https:\/\/www.cordobatimes.com\/deportes\/wp-json\/wp\/v2\/posts\/17109","targetHints":{"allow":["GET"]}}],"collection":[{"href":"https:\/\/www.cordobatimes.com\/deportes\/wp-json\/wp\/v2\/posts"}],"about":[{"href":"https:\/\/www.cordobatimes.com\/deportes\/wp-json\/wp\/v2\/types\/post"}],"author":[{"embeddable":true,"href":"https:\/\/www.cordobatimes.com\/deportes\/wp-json\/wp\/v2\/users\/15"}],"replies":[{"embeddable":true,"href":"https:\/\/www.cordobatimes.com\/deportes\/wp-json\/wp\/v2\/comments?post=17109"}],"version-history":[{"count":0,"href":"https:\/\/www.cordobatimes.com\/deportes\/wp-json\/wp\/v2\/posts\/17109\/revisions"}],"wp:featuredmedia":[{"embeddable":true,"href":"https:\/\/www.cordobatimes.com\/deportes\/wp-json\/wp\/v2\/media\/17110"}],"wp:attachment":[{"href":"https:\/\/www.cordobatimes.com\/deportes\/wp-json\/wp\/v2\/media?parent=17109"}],"wp:term":[{"taxonomy":"category","embeddable":true,"href":"https:\/\/www.cordobatimes.com\/deportes\/wp-json\/wp\/v2\/categories?post=17109"},{"taxonomy":"post_tag","embeddable":true,"href":"https:\/\/www.cordobatimes.com\/deportes\/wp-json\/wp\/v2\/tags?post=17109"}],"curies":[{"name":"wp","href":"https:\/\/api.w.org\/{rel}","templated":true}]}}