{"id":17093,"date":"2014-07-14T11:14:36","date_gmt":"2014-07-14T14:14:36","guid":{"rendered":"http:\/\/www.cordobatimes.com\/deportes\/?p=17093"},"modified":"2014-07-14T11:14:36","modified_gmt":"2014-07-14T14:14:36","slug":"llego-la-seleccion-argentina","status":"publish","type":"post","link":"https:\/\/www.cordobatimes.com\/deportes\/futbol\/2014\/07\/14\/llego-la-seleccion-argentina\/","title":{"rendered":"Lleg\u00f3 la selecci\u00f3n Argentina"},"content":{"rendered":"<p style=\"text-align: center;\"><a href=\"http:\/\/www.cordobatimes.com\/deportes\/wp-content\/uploads\/2014\/07\/messi.jpg\"><img loading=\"lazy\" decoding=\"async\" class=\"size-full wp-image-17104 aligncenter\" alt=\"messi\" src=\"http:\/\/www.cordobatimes.com\/deportes\/wp-content\/uploads\/2014\/07\/messi.jpg\" width=\"960\" height=\"640\" data-id=\"17104\" srcset=\"https:\/\/www.cordobatimes.com\/deportes\/wp-content\/uploads\/2014\/07\/messi.jpg 960w, https:\/\/www.cordobatimes.com\/deportes\/wp-content\/uploads\/2014\/07\/messi-300x200.jpg 300w\" sizes=\"auto, (max-width: 960px) 100vw, 960px\" \/><\/a><\/p>\n<h3 style=\"text-align: justify;\"><b>El seleccionado nacional arrib\u00f3 al Aeropuerto Internacional de Ezeiza donde ser\u00e1n recibidos por un centenar de hinchas. Desde all\u00ed ir\u00e1n hacia el predio de la AFA donde ser\u00e1n recibidos por la presidenta.<\/b><\/h3>\n<p style=\"text-align: justify;\">\n<p style=\"text-align: justify;\">\n<p style=\"text-align: justify;\">El plantel argentino retorn\u00f3 al pa\u00eds luego de caer ayer en la final de la Copa del Mundo ante Alemania por 1 a 0. \u00a0El avi\u00f3n que trasladaba a la delegaci\u00f3n aterriz\u00f3 a las 10:45 de la ma\u00f1ana, aunque en un primer momento se los esperaba a las 10. Hab\u00edan salido a las 7 de R\u00edo de Janeiro.<\/p>\n<p style=\"text-align: justify;\">Ahora el equipo comandado por Alejandro Sabella se trasladar\u00e1 al predio que la AFA posee en Ezeiza, donde ser\u00e1n recibidos y homenajeados por la presidenta Cristina Fern\u00e1ndez de Kirchner. En un principio el grupo se iba a acercar a la Casa Rosada, aunque anoche a \u00faltima hora se realiz\u00f3 un cambio en la planificaci\u00f3n.<\/p>\n<p style=\"text-align: justify;\">Las inmediaciones del aeropuerto est\u00e1n colmadas por hinchas que se acercaron a brindarles su apoyo y darles las gracias a el combinado nacional. El colectivo que traslada a los jugadores seguramente saldr\u00e1 directamente por pista, por lo que la gente tendr\u00e1 que conformarse con acompa\u00f1aros en caravana por la autopista.<\/p>\n<p style=\"text-align: justify;\">Despu\u00e9s del almuerzo est\u00e1 previsto que toda la delegaci\u00f3n albiceleste se traslade hasta el Obelisco, en el microcentro porte\u00f1o, donde se est\u00e1 montando un gran escenario. All\u00ed los futbolistas ir\u00e1n a agradecerle el apoyo y aliento de toda la gente durante el Mundial.<\/p>\n","protected":false},"excerpt":{"rendered":"<p>El seleccionado nacional arrib\u00f3 al Aeropuerto Internacional de Ezeiza donde ser\u00e1n recibidos por un centenar de hinchas. Desde all\u00ed ir\u00e1n hacia el predio de la AFA donde ser\u00e1n recibidos por la presidenta. El plantel argentino retorn\u00f3 al pa\u00eds luego de caer ayer en la final de la Copa del Mundo ante Alemania por 1 a [&hellip;]<\/p>\n","protected":false},"author":15,"featured_media":17104,"comment_status":"open","ping_status":"open","sticky":false,"template":"","format":"standard","meta":{"_seopress_robots_primary_cat":"","_seopress_titles_title":"","_seopress_titles_desc":"","_seopress_robots_index":"","footnotes":""},"categories":[2,22],"tags":[26,476,107,1441],"class_list":["post-17093","post","type-post","status-publish","format-standard","has-post-thumbnail","hentry","category-futbol","category-mundial-brasil-2014","tag-argentina","tag-brasil-2014","tag-copa-del-mundo","tag-vuelta"],"_links":{"self":[{"href":"https:\/\/www.cordobatimes.com\/deportes\/wp-json\/wp\/v2\/posts\/17093","targetHints":{"allow":["GET"]}}],"collection":[{"href":"https:\/\/www.cordobatimes.com\/deportes\/wp-json\/wp\/v2\/posts"}],"about":[{"href":"https:\/\/www.cordobatimes.com\/deportes\/wp-json\/wp\/v2\/types\/post"}],"author":[{"embeddable":true,"href":"https:\/\/www.cordobatimes.com\/deportes\/wp-json\/wp\/v2\/users\/15"}],"replies":[{"embeddable":true,"href":"https:\/\/www.cordobatimes.com\/deportes\/wp-json\/wp\/v2\/comments?post=17093"}],"version-history":[{"count":0,"href":"https:\/\/www.cordobatimes.com\/deportes\/wp-json\/wp\/v2\/posts\/17093\/revisions"}],"wp:featuredmedia":[{"embeddable":true,"href":"https:\/\/www.cordobatimes.com\/deportes\/wp-json\/wp\/v2\/media\/17104"}],"wp:attachment":[{"href":"https:\/\/www.cordobatimes.com\/deportes\/wp-json\/wp\/v2\/media?parent=17093"}],"wp:term":[{"taxonomy":"category","embeddable":true,"href":"https:\/\/www.cordobatimes.com\/deportes\/wp-json\/wp\/v2\/categories?post=17093"},{"taxonomy":"post_tag","embeddable":true,"href":"https:\/\/www.cordobatimes.com\/deportes\/wp-json\/wp\/v2\/tags?post=17093"}],"curies":[{"name":"wp","href":"https:\/\/api.w.org\/{rel}","templated":true}]}}