{"id":1707,"date":"2013-11-05T14:58:39","date_gmt":"2013-11-05T17:58:39","guid":{"rendered":"http:\/\/www.cordobatimes.com\/deportes\/?p=1707"},"modified":"2013-11-08T17:42:31","modified_gmt":"2013-11-08T20:42:31","slug":"argentina-va-por-la-final-del-sub-17","status":"publish","type":"post","link":"https:\/\/www.cordobatimes.com\/deportes\/futbol\/2013\/11\/05\/argentina-va-por-la-final-del-sub-17\/","title":{"rendered":"Sub 17: Argentina perdi\u00f3 con M\u00e9xico"},"content":{"rendered":"<h2><a href=\"http:\/\/www.cordobatimes.com\/deportes\/wp-content\/uploads\/2013\/11\/Argentina-2.jpg\"><img loading=\"lazy\" decoding=\"async\" class=\"alignnone size-full wp-image-1721\" alt=\"Argentina 2\" src=\"http:\/\/www.cordobatimes.com\/deportes\/wp-content\/uploads\/2013\/11\/Argentina-2.jpg\" width=\"619\" height=\"464\" data-id=\"1721\" \/><\/a><\/h2>\n<h3><strong>La selecci\u00f3n dirigida por Humberto Grondona, que fall\u00f3 un penal en el inicio del partido y qued\u00f3 con 9 por la expulsiones de Iba\u00f1ez y Batalla, cay\u00f3 3-0 ante el conjunto azteca, quedando en la puerta de la final por sexta vez en la historia.<\/strong><\/h3>\n<p>&nbsp;<\/p>\n<p style=\"text-align: justify;\">El juego se disput\u00f3 en el Estadio\u00a0Mohammed Bin Zayed, de Abu Dhabi y pod\u00eda ser la posibilidad para el Sub 17 de llegar al partido decisivo del Mundial, instancia a la que nunca accedi\u00f3 y siempre se despidi\u00f3 en semifinales (con la de hoy, en seis oportunidades). Los goles Aztecas los anotaron Ochoa, en dos ocasiones, y Granados.<\/p>\n<p style=\"text-align: justify;\">El conjunto nacional, que hab\u00eda obtenido su zona tras un empate 1-1 con Ir\u00e1n m\u00e1s las victorias 3-2 sobre Austria y 3-0 ante Canad\u00e1, en octavos, venci\u00f3\u00a03-1 a T\u00fanez, y en cuartos dej\u00f3 en el camino a Costa de Marfil, con un 2-1 sufrido, pen\u00f3 por no concretar sus chances en el \u00e1rea rival y debi\u00f3 despedirse dejando una buena imagen.<\/p>\n","protected":false},"excerpt":{"rendered":"<p>La selecci\u00f3n dirigida por Humberto Grondona, que fall\u00f3 un penal en el inicio del partido y qued\u00f3 con 9 por la expulsiones de Iba\u00f1ez y Batalla, cay\u00f3 3-0 ante el conjunto azteca, quedando en la puerta de la final por sexta vez en la historia. &nbsp; El juego se disput\u00f3 en el Estadio\u00a0Mohammed Bin Zayed, [&hellip;]<\/p>\n","protected":false},"author":2,"featured_media":1721,"comment_status":"open","ping_status":"open","sticky":false,"template":"","format":"standard","meta":{"_seopress_robots_primary_cat":"","_seopress_titles_title":"","_seopress_titles_desc":"","_seopress_robots_index":"","footnotes":""},"categories":[2],"tags":[357,355,58,356,133],"class_list":["post-1707","post","type-post","status-publish","format-standard","has-post-thumbnail","hentry","category-futbol","tag-abu-dhabi","tag-argentina-sub-17","tag-emiratos-arabes","tag-humberto-grondona","tag-mundial-sub-17"],"_links":{"self":[{"href":"https:\/\/www.cordobatimes.com\/deportes\/wp-json\/wp\/v2\/posts\/1707","targetHints":{"allow":["GET"]}}],"collection":[{"href":"https:\/\/www.cordobatimes.com\/deportes\/wp-json\/wp\/v2\/posts"}],"about":[{"href":"https:\/\/www.cordobatimes.com\/deportes\/wp-json\/wp\/v2\/types\/post"}],"author":[{"embeddable":true,"href":"https:\/\/www.cordobatimes.com\/deportes\/wp-json\/wp\/v2\/users\/2"}],"replies":[{"embeddable":true,"href":"https:\/\/www.cordobatimes.com\/deportes\/wp-json\/wp\/v2\/comments?post=1707"}],"version-history":[{"count":0,"href":"https:\/\/www.cordobatimes.com\/deportes\/wp-json\/wp\/v2\/posts\/1707\/revisions"}],"wp:featuredmedia":[{"embeddable":true,"href":"https:\/\/www.cordobatimes.com\/deportes\/wp-json\/wp\/v2\/media\/1721"}],"wp:attachment":[{"href":"https:\/\/www.cordobatimes.com\/deportes\/wp-json\/wp\/v2\/media?parent=1707"}],"wp:term":[{"taxonomy":"category","embeddable":true,"href":"https:\/\/www.cordobatimes.com\/deportes\/wp-json\/wp\/v2\/categories?post=1707"},{"taxonomy":"post_tag","embeddable":true,"href":"https:\/\/www.cordobatimes.com\/deportes\/wp-json\/wp\/v2\/tags?post=1707"}],"curies":[{"name":"wp","href":"https:\/\/api.w.org\/{rel}","templated":true}]}}