{"id":16963,"date":"2014-07-11T09:30:36","date_gmt":"2014-07-11T12:30:36","guid":{"rendered":"http:\/\/www.cordobatimes.com\/deportes\/?p=16963"},"modified":"2014-07-11T12:37:44","modified_gmt":"2014-07-11T15:37:44","slug":"mayweather-maidana-cuando-y-donde-sera-la-revancha","status":"publish","type":"post","link":"https:\/\/www.cordobatimes.com\/deportes\/polideportivo\/2014\/07\/11\/mayweather-maidana-cuando-y-donde-sera-la-revancha\/","title":{"rendered":"Mayweather-Maidana: \u00bfcu\u00e1ndo y d\u00f3nde ser\u00e1 la revancha?"},"content":{"rendered":"<h3><strong><a href=\"http:\/\/www.cordobatimes.com\/deportes\/wp-content\/uploads\/2014\/07\/Mayweather-Maidana.jpg\"><img loading=\"lazy\" decoding=\"async\" class=\"size-full wp-image-16964 aligncenter\" alt=\"Mayweather - Maidana\" src=\"http:\/\/www.cordobatimes.com\/deportes\/wp-content\/uploads\/2014\/07\/Mayweather-Maidana.jpg\" width=\"621\" height=\"465\" data-id=\"16964\" srcset=\"https:\/\/www.cordobatimes.com\/deportes\/wp-content\/uploads\/2014\/07\/Mayweather-Maidana.jpg 621w, https:\/\/www.cordobatimes.com\/deportes\/wp-content\/uploads\/2014\/07\/Mayweather-Maidana-300x224.jpg 300w\" sizes=\"auto, (max-width: 621px) 100vw, 621px\" \/><\/a><\/strong><\/h3>\n<h3><strong>El pugilista estadounidense confirm\u00f3 que el 13 de septiembre, en el MGM Grand de Las Vegas, se ver\u00e1 el segundo acto de una pelea que pondr\u00e1 en vilo a todo el mundo.<\/strong><\/h3>\n<p>&nbsp;<\/p>\n<p>Poco m\u00e1s de dos meses nos separan de una nueva velada box\u00edstica de primer nivel. All\u00ed, un argentino nos estar\u00e1 representando con la intenci\u00f3n de poder vencer al, para muchos, mejor boxeador libra por libra, Floyd Mayweather.<\/p>\n<p>Fue justamente &#8220;Money&#8221; quien confirm\u00f3 la noticia a trav\u00e9s de su cuenta de Twitter, dejando en claro que el escenario volver\u00e1 a ser el MGM Grand de la ciudad de Las Vegas. No es casualidad que se repita la sede, ya que el norteamericano la eligi\u00f3 durante sus \u00faltimos combates.<\/p>\n","protected":false},"excerpt":{"rendered":"<p>El pugilista estadounidense confirm\u00f3 que el 13 de septiembre, en el MGM Grand de Las Vegas, se ver\u00e1 el segundo acto de una pelea que pondr\u00e1 en vilo a todo el mundo. &nbsp; Poco m\u00e1s de dos meses nos separan de una nueva velada box\u00edstica de primer nivel. All\u00ed, un argentino nos estar\u00e1 representando con [&hellip;]<\/p>\n","protected":false},"author":2,"featured_media":16964,"comment_status":"open","ping_status":"open","sticky":false,"template":"","format":"standard","meta":{"_seopress_robots_primary_cat":"","_seopress_titles_title":"","_seopress_titles_desc":"","_seopress_robots_index":"","footnotes":""},"categories":[6],"tags":[3492,5561,2110,2794],"class_list":["post-16963","post","type-post","status-publish","format-standard","has-post-thumbnail","hentry","category-polideportivo","tag-13-de-septiembre","tag-boxeo","tag-las-vegas","tag-mayweather-maidana"],"_links":{"self":[{"href":"https:\/\/www.cordobatimes.com\/deportes\/wp-json\/wp\/v2\/posts\/16963","targetHints":{"allow":["GET"]}}],"collection":[{"href":"https:\/\/www.cordobatimes.com\/deportes\/wp-json\/wp\/v2\/posts"}],"about":[{"href":"https:\/\/www.cordobatimes.com\/deportes\/wp-json\/wp\/v2\/types\/post"}],"author":[{"embeddable":true,"href":"https:\/\/www.cordobatimes.com\/deportes\/wp-json\/wp\/v2\/users\/2"}],"replies":[{"embeddable":true,"href":"https:\/\/www.cordobatimes.com\/deportes\/wp-json\/wp\/v2\/comments?post=16963"}],"version-history":[{"count":0,"href":"https:\/\/www.cordobatimes.com\/deportes\/wp-json\/wp\/v2\/posts\/16963\/revisions"}],"wp:featuredmedia":[{"embeddable":true,"href":"https:\/\/www.cordobatimes.com\/deportes\/wp-json\/wp\/v2\/media\/16964"}],"wp:attachment":[{"href":"https:\/\/www.cordobatimes.com\/deportes\/wp-json\/wp\/v2\/media?parent=16963"}],"wp:term":[{"taxonomy":"category","embeddable":true,"href":"https:\/\/www.cordobatimes.com\/deportes\/wp-json\/wp\/v2\/categories?post=16963"},{"taxonomy":"post_tag","embeddable":true,"href":"https:\/\/www.cordobatimes.com\/deportes\/wp-json\/wp\/v2\/tags?post=16963"}],"curies":[{"name":"wp","href":"https:\/\/api.w.org\/{rel}","templated":true}]}}