{"id":16951,"date":"2014-07-11T09:00:16","date_gmt":"2014-07-11T12:00:16","guid":{"rendered":"http:\/\/www.cordobatimes.com\/deportes\/?p=16951"},"modified":"2014-07-11T12:40:18","modified_gmt":"2014-07-11T15:40:18","slug":"alexis-sanchez-ya-es-jugador-del-arsenal","status":"publish","type":"post","link":"https:\/\/www.cordobatimes.com\/deportes\/futbol\/2014\/07\/11\/alexis-sanchez-ya-es-jugador-del-arsenal\/","title":{"rendered":"Alexis S\u00e1nchez ya es jugador del Arsenal"},"content":{"rendered":"<h3 style=\"text-align: justify;\"><strong><a href=\"http:\/\/www.cordobatimes.com\/deportes\/wp-content\/uploads\/2014\/07\/Alexis-S\u00e1nchez.jpg\"><img loading=\"lazy\" decoding=\"async\" class=\"size-full wp-image-16952 aligncenter\" alt=\"Alexis S\u00e1nchez\" src=\"http:\/\/www.cordobatimes.com\/deportes\/wp-content\/uploads\/2014\/07\/Alexis-S\u00e1nchez.jpg\" width=\"600\" height=\"450\" data-id=\"16952\" srcset=\"https:\/\/www.cordobatimes.com\/deportes\/wp-content\/uploads\/2014\/07\/Alexis-S\u00e1nchez.jpg 600w, https:\/\/www.cordobatimes.com\/deportes\/wp-content\/uploads\/2014\/07\/Alexis-S\u00e1nchez-300x225.jpg 300w\" sizes=\"auto, (max-width: 600px) 100vw, 600px\" \/><\/a>El chileno, pieza clave de su selecci\u00f3n en el Mundial de Brasil, acord\u00f3 el traspaso por una cifra cercana a los 40 millones de euros. Su transferencia permiti\u00f3 al <a title=\"Barcelona confirm\u00f3 el fichaje de Luis Su\u00e1rez\" href=\"http:\/\/www.cordobatimes.com\/deportes\/futbol\/2014\/07\/11\/barcelona-confirmo-el-fichaje-de-luis-suarez\/\">Barcelona hacerse de dinero y contratar a Luis Su\u00e1rez<\/a>.<\/strong><\/h3>\n<p style=\"text-align: justify;\">\n<p style=\"text-align: justify;\">Pese a la disputa de la Copa del Mundo, el mercado de pases europeo sigue corriendo, sobre todo con figuras internacionales. En este caso, Alexis S\u00e1nchez, de buen torneo con el Chile de Sampaoli, se sum\u00f3 a los Gunners, de la Premier League inglesa.<\/p>\n<p style=\"text-align: justify;\">Los 40 millones de euros desembolsados por la entidad, convirtieron el acuerdo en el segundo m\u00e1s caro de toda la historia del club, tras el realizado la pasada temporada por el alem\u00e1n Mezut \u00d6zil, proveniente del Real Madrid.<\/p>\n<p style=\"text-align: justify;\">El &#8220;Ni\u00f1o Maravilla&#8221;, con contrato hasta 2018, declar\u00f3: <em>&#8220;Estoy muy contento por jugar en el Arsenal, un club con un entrenador fant\u00e1stico, con jugadores incre\u00edbles y con un apoyo enorme en todo el mundo. Tienen un gran estadio y dar\u00e9 lo mejor de m\u00ed mismo para hacer felices a todos los aficionados&#8221;<\/em>. En tanto, su nuevo entrenador Arsene Wenger dijo: <em>&#8220;Como mucha gente habr\u00e1 visto este verano en el Mundial, Alexis es un fant\u00e1stico futbolista y es un placer que haya fichado por el Arsenal. Tiene fuerza, creatividad y mucha calidad para ayudar a nuestro equipo&#8221;.<\/em><\/p>\n","protected":false},"excerpt":{"rendered":"<p>El chileno, pieza clave de su selecci\u00f3n en el Mundial de Brasil, acord\u00f3 el traspaso por una cifra cercana a los 40 millones de euros. Su transferencia permiti\u00f3 al Barcelona hacerse de dinero y contratar a Luis Su\u00e1rez. Pese a la disputa de la Copa del Mundo, el mercado de pases europeo sigue corriendo, sobre [&hellip;]<\/p>\n","protected":false},"author":2,"featured_media":16952,"comment_status":"open","ping_status":"open","sticky":false,"template":"","format":"standard","meta":{"_seopress_robots_primary_cat":"","_seopress_titles_title":"","_seopress_titles_desc":"","_seopress_robots_index":"","footnotes":""},"categories":[2,18],"tags":[245,71,661,1542,791,161],"class_list":["post-16951","post","type-post","status-publish","format-standard","has-post-thumbnail","hentry","category-futbol","category-futbol-internacional","tag-alexis-sanchez","tag-arsenal","tag-chile","tag-fc-barcelona","tag-fichaje","tag-inglaterra"],"_links":{"self":[{"href":"https:\/\/www.cordobatimes.com\/deportes\/wp-json\/wp\/v2\/posts\/16951","targetHints":{"allow":["GET"]}}],"collection":[{"href":"https:\/\/www.cordobatimes.com\/deportes\/wp-json\/wp\/v2\/posts"}],"about":[{"href":"https:\/\/www.cordobatimes.com\/deportes\/wp-json\/wp\/v2\/types\/post"}],"author":[{"embeddable":true,"href":"https:\/\/www.cordobatimes.com\/deportes\/wp-json\/wp\/v2\/users\/2"}],"replies":[{"embeddable":true,"href":"https:\/\/www.cordobatimes.com\/deportes\/wp-json\/wp\/v2\/comments?post=16951"}],"version-history":[{"count":0,"href":"https:\/\/www.cordobatimes.com\/deportes\/wp-json\/wp\/v2\/posts\/16951\/revisions"}],"wp:featuredmedia":[{"embeddable":true,"href":"https:\/\/www.cordobatimes.com\/deportes\/wp-json\/wp\/v2\/media\/16952"}],"wp:attachment":[{"href":"https:\/\/www.cordobatimes.com\/deportes\/wp-json\/wp\/v2\/media?parent=16951"}],"wp:term":[{"taxonomy":"category","embeddable":true,"href":"https:\/\/www.cordobatimes.com\/deportes\/wp-json\/wp\/v2\/categories?post=16951"},{"taxonomy":"post_tag","embeddable":true,"href":"https:\/\/www.cordobatimes.com\/deportes\/wp-json\/wp\/v2\/tags?post=16951"}],"curies":[{"name":"wp","href":"https:\/\/api.w.org\/{rel}","templated":true}]}}