{"id":16942,"date":"2014-07-11T10:08:46","date_gmt":"2014-07-11T13:08:46","guid":{"rendered":"http:\/\/www.cordobatimes.com\/deportes\/?p=16942"},"modified":"2014-07-11T10:08:46","modified_gmt":"2014-07-11T13:08:46","slug":"argentina-vestira-de-azul-en-la-final","status":"publish","type":"post","link":"https:\/\/www.cordobatimes.com\/deportes\/futbol\/2014\/07\/11\/argentina-vestira-de-azul-en-la-final\/","title":{"rendered":"Argentina vestir\u00e1 de azul en la final"},"content":{"rendered":"<h3 style=\"text-align: justify;\"><a href=\"http:\/\/www.cordobatimes.com\/deportes\/wp-content\/uploads\/2014\/07\/argentina-azul.jpg\"><img loading=\"lazy\" decoding=\"async\" class=\"aligncenter  wp-image-16943\" alt=\"argentina azul\" src=\"http:\/\/www.cordobatimes.com\/deportes\/wp-content\/uploads\/2014\/07\/argentina-azul.jpg\" width=\"640\" height=\"380\" data-id=\"16943\" \/><\/a><\/h3>\n<h3 style=\"text-align: justify;\"><strong>La Selecci\u00f3n Nacional\u00a0jugar\u00e1 con la camiseta alternativa por primera vez en el Mundial Brasil 2014, seg\u00fan lo decidido en el Departamente de Competiciones de la FIFA. Alemania ten\u00eda prioridad para elegir indumentaria.<\/strong><\/h3>\n<p>&nbsp;<\/p>\n<p style=\"text-align: justify;\">As\u00ed lo confirmaron desde el cuerpo de Administraci\u00f3n y Log\u00edstica de Selecciones Nacionales.<\/p>\n<p style=\"text-align: justify;\">Los germanos ser\u00e1n formalmente \u00b4los &#8220;locales\u00b4 en el estadio Maracan\u00e1 por haberse clasificado primero al encuentro decisivo; de modo que tuvieron la posibilidad de elegir.<\/p>\n<p style=\"text-align: justify;\">Los antecedentes marcan que Argentina fue campe\u00f3n del mundo ante los alemanes en M\u00e9xico 1986 con la celeste y blanca y perdi\u00f3 el t\u00edtulo en la final de Italia 1990 con la camiseta azul.<\/p>\n","protected":false},"excerpt":{"rendered":"<p>La Selecci\u00f3n Nacional\u00a0jugar\u00e1 con la camiseta alternativa por primera vez en el Mundial Brasil 2014, seg\u00fan lo decidido en el Departamente de Competiciones de la FIFA. Alemania ten\u00eda prioridad para elegir indumentaria. &nbsp; As\u00ed lo confirmaron desde el cuerpo de Administraci\u00f3n y Log\u00edstica de Selecciones Nacionales. Los germanos ser\u00e1n formalmente \u00b4los &#8220;locales\u00b4 en el estadio [&hellip;]<\/p>\n","protected":false},"author":10,"featured_media":16943,"comment_status":"open","ping_status":"open","sticky":false,"template":"","format":"standard","meta":{"_seopress_robots_primary_cat":"","_seopress_titles_title":"","_seopress_titles_desc":"","_seopress_robots_index":"","footnotes":""},"categories":[2,22],"tags":[476,3489,3488,925],"class_list":["post-16942","post","type-post","status-publish","format-standard","has-post-thumbnail","hentry","category-futbol","category-mundial-brasil-2014","tag-brasil-2014","tag-camiseta-alternativa","tag-camiseta-azul","tag-final"],"_links":{"self":[{"href":"https:\/\/www.cordobatimes.com\/deportes\/wp-json\/wp\/v2\/posts\/16942","targetHints":{"allow":["GET"]}}],"collection":[{"href":"https:\/\/www.cordobatimes.com\/deportes\/wp-json\/wp\/v2\/posts"}],"about":[{"href":"https:\/\/www.cordobatimes.com\/deportes\/wp-json\/wp\/v2\/types\/post"}],"author":[{"embeddable":true,"href":"https:\/\/www.cordobatimes.com\/deportes\/wp-json\/wp\/v2\/users\/10"}],"replies":[{"embeddable":true,"href":"https:\/\/www.cordobatimes.com\/deportes\/wp-json\/wp\/v2\/comments?post=16942"}],"version-history":[{"count":0,"href":"https:\/\/www.cordobatimes.com\/deportes\/wp-json\/wp\/v2\/posts\/16942\/revisions"}],"wp:featuredmedia":[{"embeddable":true,"href":"https:\/\/www.cordobatimes.com\/deportes\/wp-json\/wp\/v2\/media\/16943"}],"wp:attachment":[{"href":"https:\/\/www.cordobatimes.com\/deportes\/wp-json\/wp\/v2\/media?parent=16942"}],"wp:term":[{"taxonomy":"category","embeddable":true,"href":"https:\/\/www.cordobatimes.com\/deportes\/wp-json\/wp\/v2\/categories?post=16942"},{"taxonomy":"post_tag","embeddable":true,"href":"https:\/\/www.cordobatimes.com\/deportes\/wp-json\/wp\/v2\/tags?post=16942"}],"curies":[{"name":"wp","href":"https:\/\/api.w.org\/{rel}","templated":true}]}}