{"id":16912,"date":"2014-07-10T10:03:22","date_gmt":"2014-07-10T13:03:22","guid":{"rendered":"http:\/\/www.cordobatimes.com\/deportes\/?p=16912"},"modified":"2014-07-10T10:03:22","modified_gmt":"2014-07-10T13:03:22","slug":"robben-tuvo-que-consolar-a-su-hijo-tras-la-derrota-video","status":"publish","type":"post","link":"https:\/\/www.cordobatimes.com\/deportes\/mundial-brasil-2014\/2014\/07\/10\/robben-tuvo-que-consolar-a-su-hijo-tras-la-derrota-video\/","title":{"rendered":"Robben tuvo que consolar a su hijo tras la derrota (Video)"},"content":{"rendered":"<p style=\"text-align: center;\"><strong><a href=\"http:\/\/www.cordobatimes.com\/deportes\/wp-content\/uploads\/2014\/07\/Robben.jpg\"><img loading=\"lazy\" decoding=\"async\" class=\"size-full wp-image-16913 aligncenter\" alt=\"Robben\" src=\"http:\/\/www.cordobatimes.com\/deportes\/wp-content\/uploads\/2014\/07\/Robben.jpg\" width=\"640\" height=\"384\" data-id=\"16913\" srcset=\"https:\/\/www.cordobatimes.com\/deportes\/wp-content\/uploads\/2014\/07\/Robben.jpg 640w, https:\/\/www.cordobatimes.com\/deportes\/wp-content\/uploads\/2014\/07\/Robben-300x180.jpg 300w\" sizes=\"auto, (max-width: 640px) 100vw, 640px\" \/><\/a><\/strong><\/p>\n<p><strong>La otra cara de los festejos argentinos estuvo del lado holand\u00e9s. Su figura, Arjen Robben, sufri\u00f3 el doble cuando vio a su peque\u00f1o hijo caer en l\u00e1grimas tras la eliminaci\u00f3n. Mir\u00e1 las im\u00e1genes de la televisi\u00f3n.<\/strong><\/p>\n<p>&nbsp;<\/p>\n<p><iframe loading=\"lazy\" src=\"\/\/www.youtube.com\/embed\/KlJ4_YpDvyc\" height=\"315\" width=\"560\" allowfullscreen=\"\" frameborder=\"0\"><\/iframe><\/p>\n","protected":false},"excerpt":{"rendered":"<p>La otra cara de los festejos argentinos estuvo del lado holand\u00e9s. Su figura, Arjen Robben, sufri\u00f3 el doble cuando vio a su peque\u00f1o hijo caer en l\u00e1grimas tras la eliminaci\u00f3n. Mir\u00e1 las im\u00e1genes de la televisi\u00f3n. &nbsp;<\/p>\n","protected":false},"author":2,"featured_media":16913,"comment_status":"open","ping_status":"open","sticky":false,"template":"","format":"standard","meta":{"_seopress_robots_primary_cat":"","_seopress_titles_title":"","_seopress_titles_desc":"","_seopress_robots_index":"","footnotes":""},"categories":[22],"tags":[840,906],"class_list":["post-16912","post","type-post","status-publish","format-standard","has-post-thumbnail","hentry","category-mundial-brasil-2014","tag-holanda","tag-robben"],"_links":{"self":[{"href":"https:\/\/www.cordobatimes.com\/deportes\/wp-json\/wp\/v2\/posts\/16912","targetHints":{"allow":["GET"]}}],"collection":[{"href":"https:\/\/www.cordobatimes.com\/deportes\/wp-json\/wp\/v2\/posts"}],"about":[{"href":"https:\/\/www.cordobatimes.com\/deportes\/wp-json\/wp\/v2\/types\/post"}],"author":[{"embeddable":true,"href":"https:\/\/www.cordobatimes.com\/deportes\/wp-json\/wp\/v2\/users\/2"}],"replies":[{"embeddable":true,"href":"https:\/\/www.cordobatimes.com\/deportes\/wp-json\/wp\/v2\/comments?post=16912"}],"version-history":[{"count":0,"href":"https:\/\/www.cordobatimes.com\/deportes\/wp-json\/wp\/v2\/posts\/16912\/revisions"}],"wp:featuredmedia":[{"embeddable":true,"href":"https:\/\/www.cordobatimes.com\/deportes\/wp-json\/wp\/v2\/media\/16913"}],"wp:attachment":[{"href":"https:\/\/www.cordobatimes.com\/deportes\/wp-json\/wp\/v2\/media?parent=16912"}],"wp:term":[{"taxonomy":"category","embeddable":true,"href":"https:\/\/www.cordobatimes.com\/deportes\/wp-json\/wp\/v2\/categories?post=16912"},{"taxonomy":"post_tag","embeddable":true,"href":"https:\/\/www.cordobatimes.com\/deportes\/wp-json\/wp\/v2\/tags?post=16912"}],"curies":[{"name":"wp","href":"https:\/\/api.w.org\/{rel}","templated":true}]}}