{"id":16902,"date":"2014-07-09T13:36:22","date_gmt":"2014-07-09T16:36:22","guid":{"rendered":"http:\/\/www.cordobatimes.com\/deportes\/?p=16902"},"modified":"2014-07-09T13:36:22","modified_gmt":"2014-07-09T16:36:22","slug":"que-te-pasa-brazuca-el-nuevo-hit-de-los-hinchas-argentinos","status":"publish","type":"post","link":"https:\/\/www.cordobatimes.com\/deportes\/mundial-brasil-2014\/2014\/07\/09\/que-te-pasa-brazuca-el-nuevo-hit-de-los-hinchas-argentinos\/","title":{"rendered":"&#8220;\u00bfQu\u00e9 te pasa brazuca?&#8221;, el nuevo hit de los hinchas argentinos"},"content":{"rendered":"<h3><strong><a href=\"http:\/\/www.cordobatimes.com\/deportes\/wp-content\/uploads\/2014\/07\/Brazuca.jpg\"><img loading=\"lazy\" decoding=\"async\" class=\"size-full wp-image-16903 aligncenter\" alt=\"Brazuca\" src=\"http:\/\/www.cordobatimes.com\/deportes\/wp-content\/uploads\/2014\/07\/Brazuca.jpg\" width=\"640\" height=\"480\" data-id=\"16903\" srcset=\"https:\/\/www.cordobatimes.com\/deportes\/wp-content\/uploads\/2014\/07\/Brazuca.jpg 640w, https:\/\/www.cordobatimes.com\/deportes\/wp-content\/uploads\/2014\/07\/Brazuca-300x225.jpg 300w\" sizes=\"auto, (max-width: 640px) 100vw, 640px\" \/><\/a><\/strong><\/h3>\n<h3><strong>Luego del &#8220;Brasil, decime que se siente&#8221;, el ingenio popular sigue d\u00e1ndose lugar. En este caso se tratan de otra canci\u00f3n que hace alusi\u00f3n al Mundial. Hasta hubo cercan\u00eda de &#8220;premonici\u00f3n&#8221;. Escuchala:<\/strong><\/h3>\n<p>&nbsp;<\/p>\n<p><iframe loading=\"lazy\" src=\"\/\/www.youtube.com\/embed\/O3TpMlHjEBM\" height=\"315\" width=\"420\" allowfullscreen=\"\" frameborder=\"0\"><\/iframe><\/p>\n<p><strong>LETRA:<\/strong><\/p>\n<p>\u00bfQu\u00e9 te pasa\u00a0<i>brazuca<\/i>? Todav\u00eda segu\u00eds esperando&#8230;<br \/>\n\u00bfQu\u00e9 te pasa\u00a0<i>brazuca<\/i>? En la favela est\u00e1n todos llorando&#8230;<br \/>\nVan pasando los a\u00f1os, te acord\u00e1s del Mundial\u00a0del 50&#8230;<br \/>\nEst\u00e1n todo &#8216;cagados&#8217;, ten\u00e9s miedo que pase de vuelta&#8230;<br \/>\nPorque Messi tiene puesta la corona, ohoh&#8230;<br \/>\nY la magia de su zurda que enamora, ohoh&#8230;<br \/>\nPara colmo te acord\u00e1s de Maradona&#8230;<br \/>\nS\u00e9 que te duele, que te lastima; pero esta Copa, es de ARGENTINA\u266b\u266a<\/p>\n","protected":false},"excerpt":{"rendered":"<p>Luego del &#8220;Brasil, decime que se siente&#8221;, el ingenio popular sigue d\u00e1ndose lugar. En este caso se tratan de otra canci\u00f3n que hace alusi\u00f3n al Mundial. Hasta hubo cercan\u00eda de &#8220;premonici\u00f3n&#8221;. Escuchala: &nbsp; LETRA: \u00bfQu\u00e9 te pasa\u00a0brazuca? Todav\u00eda segu\u00eds esperando&#8230; \u00bfQu\u00e9 te pasa\u00a0brazuca? En la favela est\u00e1n todos llorando&#8230; Van pasando los a\u00f1os, te acord\u00e1s [&hellip;]<\/p>\n","protected":false},"author":2,"featured_media":16903,"comment_status":"open","ping_status":"open","sticky":false,"template":"","format":"standard","meta":{"_seopress_robots_primary_cat":"","_seopress_titles_title":"","_seopress_titles_desc":"","_seopress_robots_index":"","footnotes":""},"categories":[22],"tags":[125,3475,3474],"class_list":["post-16902","post","type-post","status-publish","format-standard","has-post-thumbnail","hentry","category-mundial-brasil-2014","tag-brasil","tag-cancion-argentina","tag-que-te-pasa-brazuca"],"_links":{"self":[{"href":"https:\/\/www.cordobatimes.com\/deportes\/wp-json\/wp\/v2\/posts\/16902","targetHints":{"allow":["GET"]}}],"collection":[{"href":"https:\/\/www.cordobatimes.com\/deportes\/wp-json\/wp\/v2\/posts"}],"about":[{"href":"https:\/\/www.cordobatimes.com\/deportes\/wp-json\/wp\/v2\/types\/post"}],"author":[{"embeddable":true,"href":"https:\/\/www.cordobatimes.com\/deportes\/wp-json\/wp\/v2\/users\/2"}],"replies":[{"embeddable":true,"href":"https:\/\/www.cordobatimes.com\/deportes\/wp-json\/wp\/v2\/comments?post=16902"}],"version-history":[{"count":0,"href":"https:\/\/www.cordobatimes.com\/deportes\/wp-json\/wp\/v2\/posts\/16902\/revisions"}],"wp:featuredmedia":[{"embeddable":true,"href":"https:\/\/www.cordobatimes.com\/deportes\/wp-json\/wp\/v2\/media\/16903"}],"wp:attachment":[{"href":"https:\/\/www.cordobatimes.com\/deportes\/wp-json\/wp\/v2\/media?parent=16902"}],"wp:term":[{"taxonomy":"category","embeddable":true,"href":"https:\/\/www.cordobatimes.com\/deportes\/wp-json\/wp\/v2\/categories?post=16902"},{"taxonomy":"post_tag","embeddable":true,"href":"https:\/\/www.cordobatimes.com\/deportes\/wp-json\/wp\/v2\/tags?post=16902"}],"curies":[{"name":"wp","href":"https:\/\/api.w.org\/{rel}","templated":true}]}}