{"id":16899,"date":"2014-07-09T13:24:38","date_gmt":"2014-07-09T16:24:38","guid":{"rendered":"http:\/\/www.cordobatimes.com\/deportes\/?p=16899"},"modified":"2014-07-09T13:24:38","modified_gmt":"2014-07-09T16:24:38","slug":"la-confederacion-de-basquet-tiene-nuevo-presidente","status":"publish","type":"post","link":"https:\/\/www.cordobatimes.com\/deportes\/basquet\/2014\/07\/09\/la-confederacion-de-basquet-tiene-nuevo-presidente\/","title":{"rendered":"La Confederaci\u00f3n de B\u00e1squet tiene nuevo presidente"},"content":{"rendered":"<h3><strong><a href=\"http:\/\/www.cordobatimes.com\/deportes\/wp-content\/uploads\/2014\/07\/Zanni.jpg\"><img loading=\"lazy\" decoding=\"async\" class=\"size-full wp-image-16900 aligncenter\" alt=\"Zanni\" src=\"http:\/\/www.cordobatimes.com\/deportes\/wp-content\/uploads\/2014\/07\/Zanni.jpg\" width=\"640\" height=\"420\" data-id=\"16900\" srcset=\"https:\/\/www.cordobatimes.com\/deportes\/wp-content\/uploads\/2014\/07\/Zanni.jpg 640w, https:\/\/www.cordobatimes.com\/deportes\/wp-content\/uploads\/2014\/07\/Zanni-300x196.jpg 300w\" sizes=\"auto, (max-width: 640px) 100vw, 640px\" \/><\/a><\/strong><\/h3>\n<h3><strong>El dirigente santiague\u00f1o Daniel Zanni fue elegido presidente de la Confederaci\u00f3n Argentina de B\u00e1squetbol (CABB), durante la asamblea General Extraordinaria de la entidad, y reemplazara al chaque\u00f1o Ricardo Siri.<\/strong><\/h3>\n<p>&nbsp;<\/p>\n<p>Zanni super\u00f3 en la votaci\u00f3n a Siri, que hab\u00eda quedado como titular de la instituci\u00f3n tras la renuncia de Germ\u00e1n Vaccaro, en abril pasado.<\/p>\n<p>El actual Subsecretario de Deportes de Santiago del Estero se adjudic\u00f3 la votaci\u00f3n por 12 a 10.<\/p>\n<p>El flamante presidente llegaba como un serio aspirante al cargo m\u00e1ximo del b\u00e1squetbol argentino, luego del apoyo que recibi\u00f3 de los dirigentes de la Federaci\u00f3n durante el desarrollo del Campeonato Argentino de Corrientes, donde se ungi\u00f3 su candidatura por la lista Unidad Dirigencial.<\/p>\n<p>&nbsp;<\/p>\n<p>Fuente: Telam<\/p>\n","protected":false},"excerpt":{"rendered":"<p>El dirigente santiague\u00f1o Daniel Zanni fue elegido presidente de la Confederaci\u00f3n Argentina de B\u00e1squetbol (CABB), durante la asamblea General Extraordinaria de la entidad, y reemplazara al chaque\u00f1o Ricardo Siri. &nbsp; Zanni super\u00f3 en la votaci\u00f3n a Siri, que hab\u00eda quedado como titular de la instituci\u00f3n tras la renuncia de Germ\u00e1n Vaccaro, en abril pasado. El [&hellip;]<\/p>\n","protected":false},"author":2,"featured_media":16900,"comment_status":"open","ping_status":"open","sticky":false,"template":"","format":"standard","meta":{"_seopress_robots_primary_cat":"","_seopress_titles_title":"","_seopress_titles_desc":"","_seopress_robots_index":"","footnotes":""},"categories":[3],"tags":[3472,1143,3473],"class_list":["post-16899","post","type-post","status-publish","format-standard","has-post-thumbnail","hentry","category-basquet","tag-autoridades","tag-basquet-argentino","tag-cabb"],"_links":{"self":[{"href":"https:\/\/www.cordobatimes.com\/deportes\/wp-json\/wp\/v2\/posts\/16899","targetHints":{"allow":["GET"]}}],"collection":[{"href":"https:\/\/www.cordobatimes.com\/deportes\/wp-json\/wp\/v2\/posts"}],"about":[{"href":"https:\/\/www.cordobatimes.com\/deportes\/wp-json\/wp\/v2\/types\/post"}],"author":[{"embeddable":true,"href":"https:\/\/www.cordobatimes.com\/deportes\/wp-json\/wp\/v2\/users\/2"}],"replies":[{"embeddable":true,"href":"https:\/\/www.cordobatimes.com\/deportes\/wp-json\/wp\/v2\/comments?post=16899"}],"version-history":[{"count":0,"href":"https:\/\/www.cordobatimes.com\/deportes\/wp-json\/wp\/v2\/posts\/16899\/revisions"}],"wp:featuredmedia":[{"embeddable":true,"href":"https:\/\/www.cordobatimes.com\/deportes\/wp-json\/wp\/v2\/media\/16900"}],"wp:attachment":[{"href":"https:\/\/www.cordobatimes.com\/deportes\/wp-json\/wp\/v2\/media?parent=16899"}],"wp:term":[{"taxonomy":"category","embeddable":true,"href":"https:\/\/www.cordobatimes.com\/deportes\/wp-json\/wp\/v2\/categories?post=16899"},{"taxonomy":"post_tag","embeddable":true,"href":"https:\/\/www.cordobatimes.com\/deportes\/wp-json\/wp\/v2\/tags?post=16899"}],"curies":[{"name":"wp","href":"https:\/\/api.w.org\/{rel}","templated":true}]}}