{"id":16849,"date":"2014-07-08T11:43:15","date_gmt":"2014-07-08T14:43:15","guid":{"rendered":"http:\/\/www.cordobatimes.com\/deportes\/?p=16849"},"modified":"2014-07-08T11:43:16","modified_gmt":"2014-07-08T14:43:16","slug":"neymar-estara-en-el-partido-ante-alemania","status":"publish","type":"post","link":"https:\/\/www.cordobatimes.com\/deportes\/mundial-brasil-2014\/2014\/07\/08\/neymar-estara-en-el-partido-ante-alemania\/","title":{"rendered":"Neymar &#8220;estar\u00e1&#8221; en el partido ante Alemania"},"content":{"rendered":"<h3><strong><a href=\"http:\/\/www.cordobatimes.com\/deportes\/wp-content\/uploads\/2014\/07\/Caretas-de-Neymar.jpg\"><img loading=\"lazy\" decoding=\"async\" class=\"size-full wp-image-16850 aligncenter\" alt=\"Caretas de Neymar\" src=\"http:\/\/www.cordobatimes.com\/deportes\/wp-content\/uploads\/2014\/07\/Caretas-de-Neymar.jpg\" width=\"590\" height=\"430\" data-id=\"16850\" srcset=\"https:\/\/www.cordobatimes.com\/deportes\/wp-content\/uploads\/2014\/07\/Caretas-de-Neymar.jpg 590w, https:\/\/www.cordobatimes.com\/deportes\/wp-content\/uploads\/2014\/07\/Caretas-de-Neymar-300x218.jpg 300w\" sizes=\"auto, (max-width: 590px) 100vw, 590px\" \/><\/a><\/strong><\/h3>\n<h3 style=\"text-align: justify;\"><strong>Gracias a la iniciativa de un multimedio local, miles de hinchas que asistan al Mineirao para alentar al Scratch en el duelo de semifinales portar\u00e1n m\u00e1scaras con el rostro de la figura local, ausente debido a una lesi\u00f3n en su espalda.<\/strong><\/h3>\n<p style=\"text-align: justify;\">\n<p style=\"text-align: justify;\">&#8220;Somos todos Neymar&#8221;, reza el cartel de promoci\u00f3n con la campa\u00f1a para acompa\u00f1ar al \u00eddolo m\u00e1ximo de la torcida luego de conocerse que no podr\u00e1 vestir m\u00e1s la camiseta 10 durante la Copa del Mundo. Esto se suma a la &#8220;invitaci\u00f3n&#8221; que realiz\u00f3 el DT, Luiz Felipe Scolari, quien pidi\u00f3 al crack del Barcelona que acompa\u00f1e al equipo desde el banco de suplentes.<\/p>\n<p style=\"text-align: justify;\">As\u00ed, el Estadio m\u00e1s importante de Belo Horizonte, adem\u00e1s de verse plagado de camisetas verdeamarelhas, tendr\u00e1 la cara de &#8220;Ney&#8221; entre la gente, como muestra de apoyo y acompa\u00f1amiento.<\/p>\n","protected":false},"excerpt":{"rendered":"<p>Gracias a la iniciativa de un multimedio local, miles de hinchas que asistan al Mineirao para alentar al Scratch en el duelo de semifinales portar\u00e1n m\u00e1scaras con el rostro de la figura local, ausente debido a una lesi\u00f3n en su espalda. &#8220;Somos todos Neymar&#8221;, reza el cartel de promoci\u00f3n con la campa\u00f1a para acompa\u00f1ar al [&hellip;]<\/p>\n","protected":false},"author":2,"featured_media":16850,"comment_status":"open","ping_status":"open","sticky":false,"template":"","format":"standard","meta":{"_seopress_robots_primary_cat":"","_seopress_titles_title":"","_seopress_titles_desc":"","_seopress_robots_index":"","footnotes":""},"categories":[22],"tags":[476,3458,3462,3438],"class_list":["post-16849","post","type-post","status-publish","format-standard","has-post-thumbnail","hentry","category-mundial-brasil-2014","tag-brasil-2014","tag-brasil-alemania","tag-caretas-de-neymar","tag-lesion-de-neymar"],"_links":{"self":[{"href":"https:\/\/www.cordobatimes.com\/deportes\/wp-json\/wp\/v2\/posts\/16849","targetHints":{"allow":["GET"]}}],"collection":[{"href":"https:\/\/www.cordobatimes.com\/deportes\/wp-json\/wp\/v2\/posts"}],"about":[{"href":"https:\/\/www.cordobatimes.com\/deportes\/wp-json\/wp\/v2\/types\/post"}],"author":[{"embeddable":true,"href":"https:\/\/www.cordobatimes.com\/deportes\/wp-json\/wp\/v2\/users\/2"}],"replies":[{"embeddable":true,"href":"https:\/\/www.cordobatimes.com\/deportes\/wp-json\/wp\/v2\/comments?post=16849"}],"version-history":[{"count":0,"href":"https:\/\/www.cordobatimes.com\/deportes\/wp-json\/wp\/v2\/posts\/16849\/revisions"}],"wp:featuredmedia":[{"embeddable":true,"href":"https:\/\/www.cordobatimes.com\/deportes\/wp-json\/wp\/v2\/media\/16850"}],"wp:attachment":[{"href":"https:\/\/www.cordobatimes.com\/deportes\/wp-json\/wp\/v2\/media?parent=16849"}],"wp:term":[{"taxonomy":"category","embeddable":true,"href":"https:\/\/www.cordobatimes.com\/deportes\/wp-json\/wp\/v2\/categories?post=16849"},{"taxonomy":"post_tag","embeddable":true,"href":"https:\/\/www.cordobatimes.com\/deportes\/wp-json\/wp\/v2\/tags?post=16849"}],"curies":[{"name":"wp","href":"https:\/\/api.w.org\/{rel}","templated":true}]}}