{"id":16834,"date":"2014-07-08T11:36:45","date_gmt":"2014-07-08T14:36:45","guid":{"rendered":"http:\/\/www.cordobatimes.com\/deportes\/?p=16834"},"modified":"2014-07-08T11:36:45","modified_gmt":"2014-07-08T14:36:45","slug":"cesare-prandelli-dejo-italia-para-ser-dt-del-galatasaray","status":"publish","type":"post","link":"https:\/\/www.cordobatimes.com\/deportes\/futbol\/2014\/07\/08\/cesare-prandelli-dejo-italia-para-ser-dt-del-galatasaray\/","title":{"rendered":"Cesare Prandelli dej\u00f3 Italia para ser DT del Galatasaray"},"content":{"rendered":"<h3><strong><a href=\"http:\/\/www.cordobatimes.com\/deportes\/wp-content\/uploads\/2014\/07\/Prandelli.jpg\"><img loading=\"lazy\" decoding=\"async\" class=\"size-full wp-image-16847 aligncenter\" alt=\"Prandelli\" src=\"http:\/\/www.cordobatimes.com\/deportes\/wp-content\/uploads\/2014\/07\/Prandelli.jpg\" width=\"620\" height=\"430\" data-id=\"16847\" srcset=\"https:\/\/www.cordobatimes.com\/deportes\/wp-content\/uploads\/2014\/07\/Prandelli.jpg 620w, https:\/\/www.cordobatimes.com\/deportes\/wp-content\/uploads\/2014\/07\/Prandelli-300x208.jpg 300w\" sizes=\"auto, (max-width: 620px) 100vw, 620px\" \/><\/a><\/strong><\/h3>\n<h3 style=\"text-align: justify;\"><strong>El ex entrenador de la Azzurra, quien renunci\u00f3 a la selecci\u00f3n por el p\u00e9simo resultado en la Copa del Mundo, decidi\u00f3 cambiar de destino futbol\u00edstico y lleg\u00f3 a Turqu\u00eda, donde comandar\u00e1 a uno de los equipos grandes del pa\u00eds.<\/strong><\/h3>\n<p style=\"text-align: justify;\">\n<p style=\"text-align: justify;\">Tras la eliminaci\u00f3n en primera ronda del conjunto italiano, la primera cabeza en rodar fue la del Director T\u00e9cnico, como muchas veces sucede. As\u00ed, Cesare Prandelli, por iniciativa propia, decidi\u00f3 dar un paso al costado.<\/p>\n<p style=\"text-align: justify;\">Tan solo dos semanas estuvo desempleado el ex Fiorentina, que recibi\u00f3 el llamado de Galatasaray, arregl\u00f3 la cuesti\u00f3n econ\u00f3mica y termin\u00f3 firmando un v\u00ednculo por dos temporadas. Reemplazar\u00e1 a su compatriota Roberto Mancini, principal candidato a dirigir el combinado nacional, en lo que puede significar un intercambio de DTs.<\/p>\n<p style=\"text-align: justify;\">Durante el \u00faltimo a\u00f1o calendario, el conjunto turco qued\u00f3 en la segunda posici\u00f3n de la Liga local y logr\u00f3 llegar a octavos de final de la Champions League.<\/p>\n","protected":false},"excerpt":{"rendered":"<p>El ex entrenador de la Azzurra, quien renunci\u00f3 a la selecci\u00f3n por el p\u00e9simo resultado en la Copa del Mundo, decidi\u00f3 cambiar de destino futbol\u00edstico y lleg\u00f3 a Turqu\u00eda, donde comandar\u00e1 a uno de los equipos grandes del pa\u00eds. Tras la eliminaci\u00f3n en primera ronda del conjunto italiano, la primera cabeza en rodar fue la [&hellip;]<\/p>\n","protected":false},"author":2,"featured_media":16847,"comment_status":"open","ping_status":"open","sticky":false,"template":"","format":"standard","meta":{"_seopress_robots_primary_cat":"","_seopress_titles_title":"","_seopress_titles_desc":"","_seopress_robots_index":"","footnotes":""},"categories":[2,18],"tags":[835,533,3129,3461],"class_list":["post-16834","post","type-post","status-publish","format-standard","has-post-thumbnail","hentry","category-futbol","category-futbol-internacional","tag-galatasaray","tag-italia","tag-prandelli","tag-turquia"],"_links":{"self":[{"href":"https:\/\/www.cordobatimes.com\/deportes\/wp-json\/wp\/v2\/posts\/16834","targetHints":{"allow":["GET"]}}],"collection":[{"href":"https:\/\/www.cordobatimes.com\/deportes\/wp-json\/wp\/v2\/posts"}],"about":[{"href":"https:\/\/www.cordobatimes.com\/deportes\/wp-json\/wp\/v2\/types\/post"}],"author":[{"embeddable":true,"href":"https:\/\/www.cordobatimes.com\/deportes\/wp-json\/wp\/v2\/users\/2"}],"replies":[{"embeddable":true,"href":"https:\/\/www.cordobatimes.com\/deportes\/wp-json\/wp\/v2\/comments?post=16834"}],"version-history":[{"count":0,"href":"https:\/\/www.cordobatimes.com\/deportes\/wp-json\/wp\/v2\/posts\/16834\/revisions"}],"wp:featuredmedia":[{"embeddable":true,"href":"https:\/\/www.cordobatimes.com\/deportes\/wp-json\/wp\/v2\/media\/16847"}],"wp:attachment":[{"href":"https:\/\/www.cordobatimes.com\/deportes\/wp-json\/wp\/v2\/media?parent=16834"}],"wp:term":[{"taxonomy":"category","embeddable":true,"href":"https:\/\/www.cordobatimes.com\/deportes\/wp-json\/wp\/v2\/categories?post=16834"},{"taxonomy":"post_tag","embeddable":true,"href":"https:\/\/www.cordobatimes.com\/deportes\/wp-json\/wp\/v2\/tags?post=16834"}],"curies":[{"name":"wp","href":"https:\/\/api.w.org\/{rel}","templated":true}]}}