{"id":16832,"date":"2014-07-08T11:13:49","date_gmt":"2014-07-08T14:13:49","guid":{"rendered":"http:\/\/www.cordobatimes.com\/deportes\/?p=16832"},"modified":"2014-07-08T11:13:49","modified_gmt":"2014-07-08T14:13:49","slug":"willy-caballero-llega-al-manchester-city","status":"publish","type":"post","link":"https:\/\/www.cordobatimes.com\/deportes\/futbol\/2014\/07\/08\/willy-caballero-llega-al-manchester-city\/","title":{"rendered":"&#8220;Willy&#8221; Caballero llega al Manchester City"},"content":{"rendered":"<h3><strong><a href=\"http:\/\/www.cordobatimes.com\/deportes\/wp-content\/uploads\/2014\/07\/Caballero.jpg\"><img loading=\"lazy\" decoding=\"async\" class=\"size-full wp-image-16843 aligncenter\" alt=\"Caballero\" src=\"http:\/\/www.cordobatimes.com\/deportes\/wp-content\/uploads\/2014\/07\/Caballero.jpg\" width=\"1000\" height=\"560\" data-id=\"16843\" srcset=\"https:\/\/www.cordobatimes.com\/deportes\/wp-content\/uploads\/2014\/07\/Caballero.jpg 1000w, https:\/\/www.cordobatimes.com\/deportes\/wp-content\/uploads\/2014\/07\/Caballero-300x168.jpg 300w\" sizes=\"auto, (max-width: 1000px) 100vw, 1000px\" \/><\/a><\/strong><\/h3>\n<h3 style=\"text-align: justify;\"><strong>El arquero argentino, de 32 a\u00f1os, firm\u00f3 un v\u00ednculo con los Citizens por las pr\u00f3ximas tres temporadas. Tras su brillante paso por M\u00e1laga, ser\u00e1 compa\u00f1ero de Demichelis, Zabaleta y Ag\u00fcero.<\/strong><\/h3>\n<p style=\"text-align: justify;\">\n<p style=\"text-align: justify;\">&#8220;Este es un nuevo desaf\u00edo y una nueva liga para m\u00ed. Lo estuve haciendo bien en a\u00f1os previos y mi objetivo es seguir y espero rendir al mismo nivel para el City&#8221;, declar\u00f3 el ex Boca y Elche de Espa\u00f1a a los medios de comunicaci\u00f3n presentes en su presentaci\u00f3n.<\/p>\n<p style=\"text-align: justify;\">Wilfredo ya comparti\u00f3 vestuario con el actual entrenador del club, el chileno Pellegrini, quien justamente fue el DT que lo pidi\u00f3 . Al respecto, declar\u00f3:\u00a0&#8220;Los momentos m\u00e1s bonitos de mi carrera fueron con Manuel Pellegrini en el M\u00e1laga, donde conseguimos cosas grandes e hicimos que el nombre del M\u00e1laga se conociera en toda Europa&#8221;.<\/p>\n<p style=\"text-align: justify;\">Las sumas de la transferencia y el contrato no se dieron a conocer, pero se sabe que el guardameta (tambi\u00e9n pretendido por otros grandes de Europa) permanecer\u00e1 en la instituci\u00f3n al menos hasta 2017.<\/p>\n","protected":false},"excerpt":{"rendered":"<p>El arquero argentino, de 32 a\u00f1os, firm\u00f3 un v\u00ednculo con los Citizens por las pr\u00f3ximas tres temporadas. Tras su brillante paso por M\u00e1laga, ser\u00e1 compa\u00f1ero de Demichelis, Zabaleta y Ag\u00fcero. &#8220;Este es un nuevo desaf\u00edo y una nueva liga para m\u00ed. Lo estuve haciendo bien en a\u00f1os previos y mi objetivo es seguir y espero [&hellip;]<\/p>\n","protected":false},"author":2,"featured_media":16843,"comment_status":"open","ping_status":"open","sticky":false,"template":"","format":"standard","meta":{"_seopress_robots_primary_cat":"","_seopress_titles_title":"","_seopress_titles_desc":"","_seopress_robots_index":"","footnotes":""},"categories":[2,18],"tags":[161,153,3459],"class_list":["post-16832","post","type-post","status-publish","format-standard","has-post-thumbnail","hentry","category-futbol","category-futbol-internacional","tag-inglaterra","tag-manchester-city","tag-willy-caballero"],"_links":{"self":[{"href":"https:\/\/www.cordobatimes.com\/deportes\/wp-json\/wp\/v2\/posts\/16832","targetHints":{"allow":["GET"]}}],"collection":[{"href":"https:\/\/www.cordobatimes.com\/deportes\/wp-json\/wp\/v2\/posts"}],"about":[{"href":"https:\/\/www.cordobatimes.com\/deportes\/wp-json\/wp\/v2\/types\/post"}],"author":[{"embeddable":true,"href":"https:\/\/www.cordobatimes.com\/deportes\/wp-json\/wp\/v2\/users\/2"}],"replies":[{"embeddable":true,"href":"https:\/\/www.cordobatimes.com\/deportes\/wp-json\/wp\/v2\/comments?post=16832"}],"version-history":[{"count":0,"href":"https:\/\/www.cordobatimes.com\/deportes\/wp-json\/wp\/v2\/posts\/16832\/revisions"}],"wp:featuredmedia":[{"embeddable":true,"href":"https:\/\/www.cordobatimes.com\/deportes\/wp-json\/wp\/v2\/media\/16843"}],"wp:attachment":[{"href":"https:\/\/www.cordobatimes.com\/deportes\/wp-json\/wp\/v2\/media?parent=16832"}],"wp:term":[{"taxonomy":"category","embeddable":true,"href":"https:\/\/www.cordobatimes.com\/deportes\/wp-json\/wp\/v2\/categories?post=16832"},{"taxonomy":"post_tag","embeddable":true,"href":"https:\/\/www.cordobatimes.com\/deportes\/wp-json\/wp\/v2\/tags?post=16832"}],"curies":[{"name":"wp","href":"https:\/\/api.w.org\/{rel}","templated":true}]}}