{"id":16753,"date":"2014-07-06T13:01:44","date_gmt":"2014-07-06T16:01:44","guid":{"rendered":"http:\/\/www.cordobatimes.com\/deportes\/?p=16753"},"modified":"2014-07-06T13:01:44","modified_gmt":"2014-07-06T16:01:44","slug":"jugador-argentino-festejo-en-dinamarca-un-nuevo-triunfo-de-la-seleccion-video","status":"publish","type":"post","link":"https:\/\/www.cordobatimes.com\/deportes\/mundial-brasil-2014\/2014\/07\/06\/jugador-argentino-festejo-en-dinamarca-un-nuevo-triunfo-de-la-seleccion-video\/","title":{"rendered":"Jugador argentino festej\u00f3 en Dinamarca un nuevo triunfo de la selecci\u00f3n (video)"},"content":{"rendered":"<h3><strong><a href=\"http:\/\/www.cordobatimes.com\/deportes\/wp-content\/uploads\/2014\/07\/Mussis1.jpg\"><img loading=\"lazy\" decoding=\"async\" class=\"size-full wp-image-16755 aligncenter\" alt=\"Mussis\" src=\"http:\/\/www.cordobatimes.com\/deportes\/wp-content\/uploads\/2014\/07\/Mussis1.jpg\" width=\"621\" height=\"340\" data-id=\"16755\" srcset=\"https:\/\/www.cordobatimes.com\/deportes\/wp-content\/uploads\/2014\/07\/Mussis1.jpg 621w, https:\/\/www.cordobatimes.com\/deportes\/wp-content\/uploads\/2014\/07\/Mussis1-300x164.jpg 300w\" sizes=\"auto, (max-width: 621px) 100vw, 621px\" \/><\/a><\/strong><\/h3>\n<h3 style=\"text-align: justify;\"><strong>Franco Mussis, recientemente transferido de Gimnasia La Plata al Copenhague del viejo continente, sigui\u00f3 las alternativas del duelo entre nuestra selecci\u00f3n y B\u00e9lgica. Celebr\u00f3 frente al televisor y la sorpresa de sus nuevos compa\u00f1eros. Mir\u00e1 las im\u00e1genes.<\/strong><\/h3>\n<p style=\"text-align: justify;\">\n<p style=\"text-align: justify;\">El amor por la celeste y blanca llega a todos lados, eso est\u00e1 claro. El siguiente video muestra justamente eso, con un profesional del f\u00fatbol que no pudo controlar sus emociones y termin\u00f3 gritando alocadamente cuando el \u00e1rbitro pit\u00f3 el final del encuentro que clasific\u00f3 al conjunto de Sabella a las semifinales.<\/p>\n<p style=\"text-align: justify;\">Mussis, mediocampista de gran desempe\u00f1o durante el \u00faltimo semestre en el Torneo Final de nuestro pa\u00eds, parti\u00f3 a Europa y se integr\u00f3 a las filas del Copenhague de Dinamarca, donde actualmente se encuentra realizando la pretemporada.<\/p>\n<p style=\"text-align: justify;\">Mir\u00e1:<\/p>\n<p>\u00a0<iframe loading=\"lazy\" src=\"\/\/www.youtube.com\/embed\/kxk--uYGFFw\" height=\"315\" width=\"560\" allowfullscreen=\"\" frameborder=\"0\"><\/iframe><\/p>\n","protected":false},"excerpt":{"rendered":"<p>Franco Mussis, recientemente transferido de Gimnasia La Plata al Copenhague del viejo continente, sigui\u00f3 las alternativas del duelo entre nuestra selecci\u00f3n y B\u00e9lgica. Celebr\u00f3 frente al televisor y la sorpresa de sus nuevos compa\u00f1eros. Mir\u00e1 las im\u00e1genes. El amor por la celeste y blanca llega a todos lados, eso est\u00e1 claro. El siguiente video muestra [&hellip;]<\/p>\n","protected":false},"author":2,"featured_media":16755,"comment_status":"open","ping_status":"open","sticky":false,"template":"","format":"standard","meta":{"_seopress_robots_primary_cat":"","_seopress_titles_title":"","_seopress_titles_desc":"","_seopress_robots_index":"","footnotes":""},"categories":[22],"tags":[3432,3433,3431,3430,773],"class_list":["post-16753","post","type-post","status-publish","format-standard","has-post-thumbnail","hentry","category-mundial-brasil-2014","tag-copenhague","tag-dinamarca","tag-festejo-de-argentina-belgica","tag-franco-mussis","tag-gimnasia-lp"],"_links":{"self":[{"href":"https:\/\/www.cordobatimes.com\/deportes\/wp-json\/wp\/v2\/posts\/16753","targetHints":{"allow":["GET"]}}],"collection":[{"href":"https:\/\/www.cordobatimes.com\/deportes\/wp-json\/wp\/v2\/posts"}],"about":[{"href":"https:\/\/www.cordobatimes.com\/deportes\/wp-json\/wp\/v2\/types\/post"}],"author":[{"embeddable":true,"href":"https:\/\/www.cordobatimes.com\/deportes\/wp-json\/wp\/v2\/users\/2"}],"replies":[{"embeddable":true,"href":"https:\/\/www.cordobatimes.com\/deportes\/wp-json\/wp\/v2\/comments?post=16753"}],"version-history":[{"count":0,"href":"https:\/\/www.cordobatimes.com\/deportes\/wp-json\/wp\/v2\/posts\/16753\/revisions"}],"wp:featuredmedia":[{"embeddable":true,"href":"https:\/\/www.cordobatimes.com\/deportes\/wp-json\/wp\/v2\/media\/16755"}],"wp:attachment":[{"href":"https:\/\/www.cordobatimes.com\/deportes\/wp-json\/wp\/v2\/media?parent=16753"}],"wp:term":[{"taxonomy":"category","embeddable":true,"href":"https:\/\/www.cordobatimes.com\/deportes\/wp-json\/wp\/v2\/categories?post=16753"},{"taxonomy":"post_tag","embeddable":true,"href":"https:\/\/www.cordobatimes.com\/deportes\/wp-json\/wp\/v2\/tags?post=16753"}],"curies":[{"name":"wp","href":"https:\/\/api.w.org\/{rel}","templated":true}]}}