{"id":16692,"date":"2014-07-04T18:06:43","date_gmt":"2014-07-04T21:06:43","guid":{"rendered":"http:\/\/www.cordobatimes.com\/deportes\/?p=16692"},"modified":"2014-07-04T18:06:43","modified_gmt":"2014-07-04T21:06:43","slug":"talleres-boca-ofrecio-14-millones-de-pesos-por-pavon","status":"publish","type":"post","link":"https:\/\/www.cordobatimes.com\/deportes\/futbol\/2014\/07\/04\/talleres-boca-ofrecio-14-millones-de-pesos-por-pavon\/","title":{"rendered":"Talleres: Boca ofreci\u00f3 14 millones de pesos por Pav\u00f3n"},"content":{"rendered":"<p style=\"text-align: center;\"><a href=\"http:\/\/www.cordobatimes.com\/deportes\/wp-content\/uploads\/2014\/07\/pavon.png\"><img loading=\"lazy\" decoding=\"async\" class=\"size-full wp-image-16695 aligncenter\" alt=\"pavon\" src=\"http:\/\/www.cordobatimes.com\/deportes\/wp-content\/uploads\/2014\/07\/pavon.png\" width=\"600\" height=\"375\" data-id=\"16695\" srcset=\"https:\/\/www.cordobatimes.com\/deportes\/wp-content\/uploads\/2014\/07\/pavon.png 600w, https:\/\/www.cordobatimes.com\/deportes\/wp-content\/uploads\/2014\/07\/pavon-300x187.png 300w\" sizes=\"auto, (max-width: 600px) 100vw, 600px\" \/><\/a><\/p>\n<h3 style=\"text-align: justify;\"><b>El club xeneize ofreci\u00f3 a la \u201cT\u201d 14 millones para hacerse con los derechos y servicios del juvenil Cristian Pav\u00f3n. El pago ser\u00eda en cuotas.<\/b><\/h3>\n<h3 style=\"text-align: justify;\"><\/h3>\n<p style=\"text-align: justify;\">\n<p style=\"text-align: justify;\">Tal y como se esperaba, al club de Barrio Jard\u00edn le entr\u00f3 una jugosa oferta de Boca para adquirir la ficha de Cristian Pav\u00f3n,\u00a0 quien ayer ya no concurri\u00f3 a entrenar con el resto de sus compa\u00f1eros. La misma ser\u00eda de 14 millones de pesos, a pagar en cuotas, y el juez Sa\u00fal Silvestre (encargado de la quiebra de Talleres), la aceptar\u00eda.<\/p>\n<p style=\"text-align: justify;\">Con tal dinero el club podr\u00eda pagar el dinero pendiente de la quiebra, aunque el 60 por ciento de la operaci\u00f3n le corresponde al Fondo de Inversi\u00f3n. Boca ya formaliz\u00f3 la propuesta por el juvenil delantero.<\/p>\n<p style=\"text-align: justify;\">En caso de concretarse, los primeros cuatro millones ser\u00edan abonados a los diez d\u00edas de que se firme la transferencia, mientras que el resto se ir\u00edan saldando en cuotas mensuales de 555.555 pesos. Adem\u00e1s, se le reconocer\u00e1 al Matador un 25 por ciento en caso de una futura transferencia.<\/p>\n<p style=\"text-align: justify;\">En un principio Pav\u00f3n ser\u00eda cedido a Col\u00f3n de Santa Fe a pr\u00e9stamo a cambio del pase del volante C\u00e9sar Meli al Xeneize. Silvestre todav\u00eda no acept\u00f3 porque esta esperando una mejor forma de pago, aunque todo parece indicar que en las pr\u00f3ximas horas dar\u00eda el si.<\/p>\n<p style=\"text-align: justify;\">Por \u00faltimo, Gonzalo Klusener firm\u00f3 anoche su contrato con Quilmes y as\u00ed debutara en la primera divisi\u00f3n a los 30 a\u00f1os. \u201cLa gente me ha dado mucho cari\u00f1o en Talleres. Les estoy eternamente agradecido a todos\u201d, fueron las palabras del goleador que anot\u00f3 43 tantos con la camiseta albiazul.<\/p>\n","protected":false},"excerpt":{"rendered":"<p>El club xeneize ofreci\u00f3 a la \u201cT\u201d 14 millones para hacerse con los derechos y servicios del juvenil Cristian Pav\u00f3n. El pago ser\u00eda en cuotas. Tal y como se esperaba, al club de Barrio Jard\u00edn le entr\u00f3 una jugosa oferta de Boca para adquirir la ficha de Cristian Pav\u00f3n,\u00a0 quien ayer ya no concurri\u00f3 a [&hellip;]<\/p>\n","protected":false},"author":15,"featured_media":16695,"comment_status":"open","ping_status":"open","sticky":false,"template":"","format":"standard","meta":{"_seopress_robots_primary_cat":"","_seopress_titles_title":"","_seopress_titles_desc":"","_seopress_robots_index":"","footnotes":""},"categories":[2],"tags":[52,2673,639,552,39,3328,40],"class_list":["post-16692","post","type-post","status-publish","format-standard","has-post-thumbnail","hentry","category-futbol","tag-boca","tag-cristian-pavon","tag-fondo-de-inversion","tag-klusener","tag-quiebra","tag-saul-silvestre","tag-talleres"],"_links":{"self":[{"href":"https:\/\/www.cordobatimes.com\/deportes\/wp-json\/wp\/v2\/posts\/16692","targetHints":{"allow":["GET"]}}],"collection":[{"href":"https:\/\/www.cordobatimes.com\/deportes\/wp-json\/wp\/v2\/posts"}],"about":[{"href":"https:\/\/www.cordobatimes.com\/deportes\/wp-json\/wp\/v2\/types\/post"}],"author":[{"embeddable":true,"href":"https:\/\/www.cordobatimes.com\/deportes\/wp-json\/wp\/v2\/users\/15"}],"replies":[{"embeddable":true,"href":"https:\/\/www.cordobatimes.com\/deportes\/wp-json\/wp\/v2\/comments?post=16692"}],"version-history":[{"count":0,"href":"https:\/\/www.cordobatimes.com\/deportes\/wp-json\/wp\/v2\/posts\/16692\/revisions"}],"wp:featuredmedia":[{"embeddable":true,"href":"https:\/\/www.cordobatimes.com\/deportes\/wp-json\/wp\/v2\/media\/16695"}],"wp:attachment":[{"href":"https:\/\/www.cordobatimes.com\/deportes\/wp-json\/wp\/v2\/media?parent=16692"}],"wp:term":[{"taxonomy":"category","embeddable":true,"href":"https:\/\/www.cordobatimes.com\/deportes\/wp-json\/wp\/v2\/categories?post=16692"},{"taxonomy":"post_tag","embeddable":true,"href":"https:\/\/www.cordobatimes.com\/deportes\/wp-json\/wp\/v2\/tags?post=16692"}],"curies":[{"name":"wp","href":"https:\/\/api.w.org\/{rel}","templated":true}]}}