{"id":16551,"date":"2014-07-02T11:38:28","date_gmt":"2014-07-02T14:38:28","guid":{"rendered":"http:\/\/www.cordobatimes.com\/deportes\/?p=16551"},"modified":"2014-07-02T14:50:18","modified_gmt":"2014-07-02T17:50:18","slug":"diego-maradona-hay-jugadores-que-sobran-el-mundial","status":"publish","type":"post","link":"https:\/\/www.cordobatimes.com\/deportes\/futbol\/2014\/07\/02\/diego-maradona-hay-jugadores-que-sobran-el-mundial\/","title":{"rendered":"Diego Maradona: &#8220;Hay jugadores que sobran el Mundial&#8221;"},"content":{"rendered":"<p style=\"text-align: center;\"><a href=\"http:\/\/www.cordobatimes.com\/deportes\/wp-content\/uploads\/2014\/07\/Maradona.jpg\"><img loading=\"lazy\" decoding=\"async\" class=\"size-full wp-image-16552 aligncenter\" alt=\"Maradona\" src=\"http:\/\/www.cordobatimes.com\/deportes\/wp-content\/uploads\/2014\/07\/Maradona.jpg\" width=\"640\" height=\"384\" data-id=\"16552\" srcset=\"https:\/\/www.cordobatimes.com\/deportes\/wp-content\/uploads\/2014\/07\/Maradona.jpg 640w, https:\/\/www.cordobatimes.com\/deportes\/wp-content\/uploads\/2014\/07\/Maradona-300x180.jpg 300w\" sizes=\"auto, (max-width: 640px) 100vw, 640px\" \/><\/a><\/p>\n<h3 style=\"text-align: justify;\"><b>El \u201cDiez \u201ccritic\u00f3 duramente a la selecci\u00f3n en su programa de televisi\u00f3n. \u201cNo podemos ser Deportivo Messi\u201d, dijo.<\/b><\/h3>\n<p style=\"text-align: justify;\">\n<p style=\"text-align: justify;\">\n<p style=\"text-align: justify;\">En su programa De Zurda, que conduce junto a V\u00edctor Hugo Morales en la TV P\u00fablica,\u00a0 Diego Armando Maradona habl\u00f3 sobre el seleccionado nacional y tuvo duras palabras luego de la clasificaci\u00f3n a los cuartos de final.<\/p>\n<p style=\"text-align: justify;\">\u201cTengo amargura, rabia, bronca. Argentina tiene equipo para jugar mucho mejor. Hay jugadores que est\u00e1n sobrando el Mundial, y el Mundial no se sobra, se juega\u201d, fueron las primeras palabras de Diego.<\/p>\n<p style=\"text-align: justify;\">Luego contin\u00fao: \u201cNo podemos ser Deportivo Messi. Si no le sale alguna la pibe, no le podemos caer como el culpable de la hecatombe. Vemos una Argentina que no da un paso adelante, que no tiene cambio de ritmo. Di Mar\u00eda y Messi est\u00e1n manteniendo el barco a flote\u201d, afirm\u00f3.<\/p>\n<p style=\"text-align: justify;\">El an\u00e1lisis sigui\u00f3: \u201cNo me gust\u00f3 el funcionamiento, me parece muy cansina y previsible. Tenemos potencial, pero jugamos a un cuarenta por ciento. Hay jugadores argentinos que no empezaron a jugar. Esta selecci\u00f3n sufre todos los partidos y la m\u00eda no sufr\u00eda\u201d, concluy\u00f3.<\/p>\n","protected":false},"excerpt":{"rendered":"<p>El \u201cDiez \u201ccritic\u00f3 duramente a la selecci\u00f3n en su programa de televisi\u00f3n. \u201cNo podemos ser Deportivo Messi\u201d, dijo. En su programa De Zurda, que conduce junto a V\u00edctor Hugo Morales en la TV P\u00fablica,\u00a0 Diego Armando Maradona habl\u00f3 sobre el seleccionado nacional y tuvo duras palabras luego de la clasificaci\u00f3n a los cuartos de final. [&hellip;]<\/p>\n","protected":false},"author":15,"featured_media":16552,"comment_status":"open","ping_status":"open","sticky":false,"template":"","format":"standard","meta":{"_seopress_robots_primary_cat":"","_seopress_titles_title":"","_seopress_titles_desc":"","_seopress_robots_index":"","footnotes":""},"categories":[2,22],"tags":[3404,1932,542],"class_list":["post-16551","post","type-post","status-publish","format-standard","has-post-thumbnail","hentry","category-futbol","category-mundial-brasil-2014","tag-brasil-2014-de-zurda","tag-diego-maradona","tag-seleccion-argentina"],"_links":{"self":[{"href":"https:\/\/www.cordobatimes.com\/deportes\/wp-json\/wp\/v2\/posts\/16551","targetHints":{"allow":["GET"]}}],"collection":[{"href":"https:\/\/www.cordobatimes.com\/deportes\/wp-json\/wp\/v2\/posts"}],"about":[{"href":"https:\/\/www.cordobatimes.com\/deportes\/wp-json\/wp\/v2\/types\/post"}],"author":[{"embeddable":true,"href":"https:\/\/www.cordobatimes.com\/deportes\/wp-json\/wp\/v2\/users\/15"}],"replies":[{"embeddable":true,"href":"https:\/\/www.cordobatimes.com\/deportes\/wp-json\/wp\/v2\/comments?post=16551"}],"version-history":[{"count":0,"href":"https:\/\/www.cordobatimes.com\/deportes\/wp-json\/wp\/v2\/posts\/16551\/revisions"}],"wp:featuredmedia":[{"embeddable":true,"href":"https:\/\/www.cordobatimes.com\/deportes\/wp-json\/wp\/v2\/media\/16552"}],"wp:attachment":[{"href":"https:\/\/www.cordobatimes.com\/deportes\/wp-json\/wp\/v2\/media?parent=16551"}],"wp:term":[{"taxonomy":"category","embeddable":true,"href":"https:\/\/www.cordobatimes.com\/deportes\/wp-json\/wp\/v2\/categories?post=16551"},{"taxonomy":"post_tag","embeddable":true,"href":"https:\/\/www.cordobatimes.com\/deportes\/wp-json\/wp\/v2\/tags?post=16551"}],"curies":[{"name":"wp","href":"https:\/\/api.w.org\/{rel}","templated":true}]}}