{"id":16546,"date":"2014-07-02T11:45:33","date_gmt":"2014-07-02T14:45:33","guid":{"rendered":"http:\/\/www.cordobatimes.com\/deportes\/?p=16546"},"modified":"2014-07-02T14:47:49","modified_gmt":"2014-07-02T17:47:49","slug":"el-jefe-de-la-barrabrava-de-independiente-estuvo-en-la-cancha-alentando-a-argentina-fotos","status":"publish","type":"post","link":"https:\/\/www.cordobatimes.com\/deportes\/futbol\/2014\/07\/02\/el-jefe-de-la-barrabrava-de-independiente-estuvo-en-la-cancha-alentando-a-argentina-fotos\/","title":{"rendered":"El jefe de la barrabrava de Independiente estuvo en la cancha alentando a Argentina (fotos)"},"content":{"rendered":"<h3><strong><a href=\"http:\/\/www.cordobatimes.com\/deportes\/wp-content\/uploads\/2014\/07\/Bebote-1.jpg\"><img loading=\"lazy\" decoding=\"async\" class=\"size-full wp-image-16554 aligncenter\" alt=\"Bebote 1\" src=\"http:\/\/www.cordobatimes.com\/deportes\/wp-content\/uploads\/2014\/07\/Bebote-1.jpg\" width=\"1000\" height=\"560\" data-id=\"16554\" srcset=\"https:\/\/www.cordobatimes.com\/deportes\/wp-content\/uploads\/2014\/07\/Bebote-1.jpg 1000w, https:\/\/www.cordobatimes.com\/deportes\/wp-content\/uploads\/2014\/07\/Bebote-1-300x168.jpg 300w\" sizes=\"auto, (max-width: 1000px) 100vw, 1000px\" \/><\/a><\/strong><\/h3>\n<h3><strong>Pablo &#8220;Bebote&#8221; \u00c1lvarez volvi\u00f3 a desafiar a las fuerzas de seguridad brasile\u00f1as, se disfraz\u00f3 de suizo y asisti\u00f3 al triunfo de nuestra selecci\u00f3n sobre los europeos por 1-0. Para completarla, public\u00f3 las fotos en las redes sociales.<\/strong><\/h3>\n<p>&nbsp;<\/p>\n<p>El mensaje que acompa\u00f1\u00f3 a las im\u00e1genes fue: &#8220;Quiero agradeceles la fe que me tubieron. Las entradas las conceguimos y para rematar bebote 2 vs. Pfa 0 ja ja la barra mas inteligente del mundo los diablos rojo&#8221;.<\/p>\n<p>De esta manera, uno de los barras con mayor influencia del f\u00fatbol argentino volvi\u00f3 a violar la prohibici\u00f3n de asistir a los estadios durante el Mundial de Brasil. Bebote figura en la n\u00f3mina entregada por la Polic\u00eda argentina a las fuerzas de seguridad del pa\u00eds organizador.<\/p>\n<p style=\"text-align: center;\"><a href=\"http:\/\/www.cordobatimes.com\/deportes\/wp-content\/uploads\/2014\/07\/Bebote-2.jpg\"><img loading=\"lazy\" decoding=\"async\" class=\"size-full wp-image-16558 aligncenter\" alt=\"Bebote 2\" src=\"http:\/\/www.cordobatimes.com\/deportes\/wp-content\/uploads\/2014\/07\/Bebote-2.jpg\" width=\"1000\" height=\"560\" data-id=\"16558\" srcset=\"https:\/\/www.cordobatimes.com\/deportes\/wp-content\/uploads\/2014\/07\/Bebote-2.jpg 1000w, https:\/\/www.cordobatimes.com\/deportes\/wp-content\/uploads\/2014\/07\/Bebote-2-300x168.jpg 300w\" sizes=\"auto, (max-width: 1000px) 100vw, 1000px\" \/><\/a><\/p>\n<p style=\"text-align: center;\">\n<p style=\"text-align: center;\"><a href=\"http:\/\/www.cordobatimes.com\/deportes\/wp-content\/uploads\/2014\/07\/Bebote-3.jpg\"><img loading=\"lazy\" decoding=\"async\" class=\"size-full wp-image-16559 aligncenter\" alt=\"Bebote 3\" src=\"http:\/\/www.cordobatimes.com\/deportes\/wp-content\/uploads\/2014\/07\/Bebote-3.jpg\" width=\"1000\" height=\"560\" data-id=\"16559\" srcset=\"https:\/\/www.cordobatimes.com\/deportes\/wp-content\/uploads\/2014\/07\/Bebote-3.jpg 1000w, https:\/\/www.cordobatimes.com\/deportes\/wp-content\/uploads\/2014\/07\/Bebote-3-300x168.jpg 300w\" sizes=\"auto, (max-width: 1000px) 100vw, 1000px\" \/><\/a><\/p>\n","protected":false},"excerpt":{"rendered":"<p>Pablo &#8220;Bebote&#8221; \u00c1lvarez volvi\u00f3 a desafiar a las fuerzas de seguridad brasile\u00f1as, se disfraz\u00f3 de suizo y asisti\u00f3 al triunfo de nuestra selecci\u00f3n sobre los europeos por 1-0. Para completarla, public\u00f3 las fotos en las redes sociales. &nbsp; El mensaje que acompa\u00f1\u00f3 a las im\u00e1genes fue: &#8220;Quiero agradeceles la fe que me tubieron. Las entradas [&hellip;]<\/p>\n","protected":false},"author":2,"featured_media":16554,"comment_status":"open","ping_status":"open","sticky":false,"template":"","format":"standard","meta":{"_seopress_robots_primary_cat":"","_seopress_titles_title":"","_seopress_titles_desc":"","_seopress_robots_index":"","footnotes":""},"categories":[2,22],"tags":[3394,698,63,65],"class_list":["post-16546","post","type-post","status-publish","format-standard","has-post-thumbnail","hentry","category-futbol","category-mundial-brasil-2014","tag-argentina-suiza","tag-barrabrava","tag-bebote-alvarez","tag-independiente"],"_links":{"self":[{"href":"https:\/\/www.cordobatimes.com\/deportes\/wp-json\/wp\/v2\/posts\/16546","targetHints":{"allow":["GET"]}}],"collection":[{"href":"https:\/\/www.cordobatimes.com\/deportes\/wp-json\/wp\/v2\/posts"}],"about":[{"href":"https:\/\/www.cordobatimes.com\/deportes\/wp-json\/wp\/v2\/types\/post"}],"author":[{"embeddable":true,"href":"https:\/\/www.cordobatimes.com\/deportes\/wp-json\/wp\/v2\/users\/2"}],"replies":[{"embeddable":true,"href":"https:\/\/www.cordobatimes.com\/deportes\/wp-json\/wp\/v2\/comments?post=16546"}],"version-history":[{"count":0,"href":"https:\/\/www.cordobatimes.com\/deportes\/wp-json\/wp\/v2\/posts\/16546\/revisions"}],"wp:featuredmedia":[{"embeddable":true,"href":"https:\/\/www.cordobatimes.com\/deportes\/wp-json\/wp\/v2\/media\/16554"}],"wp:attachment":[{"href":"https:\/\/www.cordobatimes.com\/deportes\/wp-json\/wp\/v2\/media?parent=16546"}],"wp:term":[{"taxonomy":"category","embeddable":true,"href":"https:\/\/www.cordobatimes.com\/deportes\/wp-json\/wp\/v2\/categories?post=16546"},{"taxonomy":"post_tag","embeddable":true,"href":"https:\/\/www.cordobatimes.com\/deportes\/wp-json\/wp\/v2\/tags?post=16546"}],"curies":[{"name":"wp","href":"https:\/\/api.w.org\/{rel}","templated":true}]}}