{"id":16476,"date":"2014-07-01T11:47:02","date_gmt":"2014-07-01T14:47:02","guid":{"rendered":"http:\/\/www.cordobatimes.com\/deportes\/?p=16476"},"modified":"2014-07-01T12:08:26","modified_gmt":"2014-07-01T15:08:26","slug":"maidana-tendra-revancha-con-mayweather","status":"publish","type":"post","link":"https:\/\/www.cordobatimes.com\/deportes\/polideportivo\/2014\/07\/01\/maidana-tendra-revancha-con-mayweather\/","title":{"rendered":"Maidana tendr\u00e1 revancha con Mayweather"},"content":{"rendered":"<h3><strong><a href=\"http:\/\/www.cordobatimes.com\/deportes\/wp-content\/uploads\/2014\/07\/Maidana-Mayweather.jpg\"><img loading=\"lazy\" decoding=\"async\" class=\"size-full wp-image-16487 aligncenter\" alt=\"Maidana - Mayweather\" src=\"http:\/\/www.cordobatimes.com\/deportes\/wp-content\/uploads\/2014\/07\/Maidana-Mayweather.jpg\" width=\"620\" height=\"413\" data-id=\"16487\" srcset=\"https:\/\/www.cordobatimes.com\/deportes\/wp-content\/uploads\/2014\/07\/Maidana-Mayweather.jpg 620w, https:\/\/www.cordobatimes.com\/deportes\/wp-content\/uploads\/2014\/07\/Maidana-Mayweather-300x199.jpg 300w\" sizes=\"auto, (max-width: 620px) 100vw, 620px\" \/><\/a><\/strong><\/h3>\n<h3 style=\"text-align: justify;\"><strong>La confirmaci\u00f3n sali\u00f3 de la boca del propio pugilista estadounidense, que confirm\u00f3 el 13 de septiembre de este a\u00f1o como la fecha en la que el &#8220;Chino&#8221; buscar\u00e1 arrebatarle el t\u00edtulo mundial.<\/strong><\/h3>\n<p>&nbsp;<\/p>\n<p style=\"text-align: justify;\">\u00a0&#8220;De vuelta al negocio&#8221;, lanz\u00f3 Floyd Mayweather y avis\u00f3 que le dar\u00e1 otra oportunidad al boxeador argentino tras haberle ganado por puntos en su \u00faltimo enfrentamiento. Seg\u00fan contaron sus allegados, a &#8220;Money&#8221;, que tiene un r\u00e9cord de 46-0 (26 KO) no lo convenci\u00f3 la manera en la que triunf\u00f3 y las dudas que se sembraron tras la pelea, por lo cual buscar\u00e1 dejar en claro su poder\u00edo.<\/p>\n<p style=\"text-align: justify;\">Por su parte, Maidana ya hab\u00eda insistido con el pedido de otro combate y la confirmaci\u00f3n servir\u00e1 para tener dos meses y medio de preparaci\u00f3n en b\u00fasqueda de dar el batacazo.<\/p>\n","protected":false},"excerpt":{"rendered":"<p>La confirmaci\u00f3n sali\u00f3 de la boca del propio pugilista estadounidense, que confirm\u00f3 el 13 de septiembre de este a\u00f1o como la fecha en la que el &#8220;Chino&#8221; buscar\u00e1 arrebatarle el t\u00edtulo mundial. &nbsp; \u00a0&#8220;De vuelta al negocio&#8221;, lanz\u00f3 Floyd Mayweather y avis\u00f3 que le dar\u00e1 otra oportunidad al boxeador argentino tras haberle ganado por puntos [&hellip;]<\/p>\n","protected":false},"author":2,"featured_media":16487,"comment_status":"open","ping_status":"open","sticky":false,"template":"","format":"standard","meta":{"_seopress_robots_primary_cat":"","_seopress_titles_title":"","_seopress_titles_desc":"","_seopress_robots_index":"","footnotes":""},"categories":[7,6],"tags":[5561,1342,2108,1227,3399],"class_list":["post-16476","post","type-post","status-publish","format-standard","has-post-thumbnail","hentry","category-boxeo","category-polideportivo","tag-boxeo","tag-maidana","tag-mayweather","tag-omb","tag-revancha"],"_links":{"self":[{"href":"https:\/\/www.cordobatimes.com\/deportes\/wp-json\/wp\/v2\/posts\/16476","targetHints":{"allow":["GET"]}}],"collection":[{"href":"https:\/\/www.cordobatimes.com\/deportes\/wp-json\/wp\/v2\/posts"}],"about":[{"href":"https:\/\/www.cordobatimes.com\/deportes\/wp-json\/wp\/v2\/types\/post"}],"author":[{"embeddable":true,"href":"https:\/\/www.cordobatimes.com\/deportes\/wp-json\/wp\/v2\/users\/2"}],"replies":[{"embeddable":true,"href":"https:\/\/www.cordobatimes.com\/deportes\/wp-json\/wp\/v2\/comments?post=16476"}],"version-history":[{"count":0,"href":"https:\/\/www.cordobatimes.com\/deportes\/wp-json\/wp\/v2\/posts\/16476\/revisions"}],"wp:featuredmedia":[{"embeddable":true,"href":"https:\/\/www.cordobatimes.com\/deportes\/wp-json\/wp\/v2\/media\/16487"}],"wp:attachment":[{"href":"https:\/\/www.cordobatimes.com\/deportes\/wp-json\/wp\/v2\/media?parent=16476"}],"wp:term":[{"taxonomy":"category","embeddable":true,"href":"https:\/\/www.cordobatimes.com\/deportes\/wp-json\/wp\/v2\/categories?post=16476"},{"taxonomy":"post_tag","embeddable":true,"href":"https:\/\/www.cordobatimes.com\/deportes\/wp-json\/wp\/v2\/tags?post=16476"}],"curies":[{"name":"wp","href":"https:\/\/api.w.org\/{rel}","templated":true}]}}