{"id":16471,"date":"2014-07-01T11:10:47","date_gmt":"2014-07-01T14:10:47","guid":{"rendered":"http:\/\/www.cordobatimes.com\/deportes\/?p=16471"},"modified":"2014-07-01T11:10:47","modified_gmt":"2014-07-01T14:10:47","slug":"talleres-suma-refuerzos","status":"publish","type":"post","link":"https:\/\/www.cordobatimes.com\/deportes\/futbol\/2014\/07\/01\/talleres-suma-refuerzos\/","title":{"rendered":"Talleres suma refuerzos"},"content":{"rendered":"<figure id=\"attachment_16469\" aria-describedby=\"caption-attachment-16469\" style=\"width: 640px\" class=\"wp-caption aligncenter\"><a href=\"http:\/\/www.cordobatimes.com\/deportes\/wp-content\/uploads\/2014\/07\/Beraldi.jpg\"><img loading=\"lazy\" decoding=\"async\" class=\"size-full wp-image-16469 \" alt=\"V\u00edctor Beraldi, volante proveniente de Central C\u00f3rdoba\" src=\"http:\/\/www.cordobatimes.com\/deportes\/wp-content\/uploads\/2014\/07\/Beraldi.jpg\" width=\"640\" height=\"427\" data-id=\"16469\" srcset=\"https:\/\/www.cordobatimes.com\/deportes\/wp-content\/uploads\/2014\/07\/Beraldi.jpg 640w, https:\/\/www.cordobatimes.com\/deportes\/wp-content\/uploads\/2014\/07\/Beraldi-300x200.jpg 300w\" sizes=\"auto, (max-width: 640px) 100vw, 640px\" \/><\/a><figcaption id=\"caption-attachment-16469\" class=\"wp-caption-text\">V\u00edctor Beraldi, volante proveniente de Central C\u00f3rdoba<\/figcaption><\/figure>\n<h3 style=\"text-align: justify;\"><b>V\u00edctor Beraldi y Nicol\u00e1s Ram\u00edrez se convirtieron en las nuevas caras de la \u201cT\u201d. Por su parte, Klusener podr\u00eda irse a Quilmes, mientras que el juvenil Cristian Pav\u00f3n manifest\u00f3 sus deseos de irse.<\/b><\/h3>\n<p style=\"text-align: justify;\">\u00a0Talleres contin\u00faa delineando lo que ser\u00e1 el equipo para la pr\u00f3xima temporada en el Torneo Argentino A. De esta manera llegaron dos nuevos refuerzos a la entidad de Barrio Jard\u00edn. Se trata del volante V\u00edctor Beraldi y el delantero Nicol\u00e1s Ram\u00edrez, que ya se realizaron los estudios m\u00e9dicos y\u00a0 se sumar\u00e1n ma\u00f1ana al plantel dirigido por Jorge Ghiso.<\/p>\n<p style=\"text-align: justify;\">Beraldi, quien tuvo un breve paso por las inferiores albiazules, viene de jugar en Central C\u00f3rdoba de Santiago del Estero. Por su parte, Ram\u00edrez viene procedente de Racing de Olavarr\u00eda, aunque tambi\u00e9n jugo en equipos como Lan\u00fas, Chacarita, Pe\u00f1arol (Uruguay) y Manta (Ecuador).<\/p>\n<p style=\"text-align: justify;\">De esta manera, y junto al tambi\u00e9n delantero Marcos Godoy (procedente de Atlanta), estas son las tres incorporaciones con las que ya cuenta la \u201cT\u201d. Habr\u00e1 que esperar si el mercado de pases depara alguna otra novedad para el Matador.<\/p>\n<p style=\"text-align: justify;\">En contrapartida, Cristian Pav\u00f3n pidi\u00f3 que si llega la oferta de Boca lo dejen irse. Sobre esto, el juvenil dijo: \u201cTalleres me dio todo, pero el tren pasa una sola vez. Pienso en mi futuro\u201d. Mientras tanto, Gonzalo Klusener est\u00e1 cerca de incorporarse a Quilmes, y su representante Leonardo De Crist\u00f3fano ya inici\u00f3 los contactos con el \u201ccervecero\u201d.<\/p>\n","protected":false},"excerpt":{"rendered":"<p>V\u00edctor Beraldi y Nicol\u00e1s Ram\u00edrez se convirtieron en las nuevas caras de la \u201cT\u201d. Por su parte, Klusener podr\u00eda irse a Quilmes, mientras que el juvenil Cristian Pav\u00f3n manifest\u00f3 sus deseos de irse. \u00a0Talleres contin\u00faa delineando lo que ser\u00e1 el equipo para la pr\u00f3xima temporada en el Torneo Argentino A. De esta manera llegaron dos [&hellip;]<\/p>\n","protected":false},"author":15,"featured_media":16469,"comment_status":"open","ping_status":"open","sticky":false,"template":"","format":"standard","meta":{"_seopress_robots_primary_cat":"","_seopress_titles_title":"","_seopress_titles_desc":"","_seopress_robots_index":"","footnotes":""},"categories":[2],"tags":[2819,639,2616,552,448,40],"class_list":["post-16471","post","type-post","status-publish","format-standard","has-post-thumbnail","hentry","category-futbol","tag-argentino-a","tag-fondo-de-inversion","tag-jorge-ghiso","tag-klusener","tag-refuerzos","tag-talleres"],"_links":{"self":[{"href":"https:\/\/www.cordobatimes.com\/deportes\/wp-json\/wp\/v2\/posts\/16471","targetHints":{"allow":["GET"]}}],"collection":[{"href":"https:\/\/www.cordobatimes.com\/deportes\/wp-json\/wp\/v2\/posts"}],"about":[{"href":"https:\/\/www.cordobatimes.com\/deportes\/wp-json\/wp\/v2\/types\/post"}],"author":[{"embeddable":true,"href":"https:\/\/www.cordobatimes.com\/deportes\/wp-json\/wp\/v2\/users\/15"}],"replies":[{"embeddable":true,"href":"https:\/\/www.cordobatimes.com\/deportes\/wp-json\/wp\/v2\/comments?post=16471"}],"version-history":[{"count":0,"href":"https:\/\/www.cordobatimes.com\/deportes\/wp-json\/wp\/v2\/posts\/16471\/revisions"}],"wp:featuredmedia":[{"embeddable":true,"href":"https:\/\/www.cordobatimes.com\/deportes\/wp-json\/wp\/v2\/media\/16469"}],"wp:attachment":[{"href":"https:\/\/www.cordobatimes.com\/deportes\/wp-json\/wp\/v2\/media?parent=16471"}],"wp:term":[{"taxonomy":"category","embeddable":true,"href":"https:\/\/www.cordobatimes.com\/deportes\/wp-json\/wp\/v2\/categories?post=16471"},{"taxonomy":"post_tag","embeddable":true,"href":"https:\/\/www.cordobatimes.com\/deportes\/wp-json\/wp\/v2\/tags?post=16471"}],"curies":[{"name":"wp","href":"https:\/\/api.w.org\/{rel}","templated":true}]}}