{"id":16440,"date":"2014-06-30T15:47:42","date_gmt":"2014-06-30T18:47:42","guid":{"rendered":"http:\/\/www.cordobatimes.com\/deportes\/?p=16440"},"modified":"2014-06-30T15:54:11","modified_gmt":"2014-06-30T18:54:11","slug":"suarez-pidio-disculpas-me-arrepiento-profundamente","status":"publish","type":"post","link":"https:\/\/www.cordobatimes.com\/deportes\/futbol\/2014\/06\/30\/suarez-pidio-disculpas-me-arrepiento-profundamente\/","title":{"rendered":"Su\u00e1rez pidi\u00f3 disculpas: &#8220;Me arrepiento profundamente&#8221;"},"content":{"rendered":"<h3><strong><a href=\"http:\/\/www.cordobatimes.com\/deportes\/wp-content\/uploads\/2014\/06\/Suarez11.jpg\"><img loading=\"lazy\" decoding=\"async\" class=\"size-full wp-image-16441 aligncenter\" alt=\"Luis Su\u00e1rez\" src=\"http:\/\/www.cordobatimes.com\/deportes\/wp-content\/uploads\/2014\/06\/Suarez11.jpg\" width=\"460\" height=\"276\" data-id=\"16441\" srcset=\"https:\/\/www.cordobatimes.com\/deportes\/wp-content\/uploads\/2014\/06\/Suarez11.jpg 460w, https:\/\/www.cordobatimes.com\/deportes\/wp-content\/uploads\/2014\/06\/Suarez11-300x180.jpg 300w\" sizes=\"auto, (max-width: 460px) 100vw, 460px\" \/><\/a><\/strong><\/h3>\n<h3 style=\"text-align: justify;\"><strong>El delantero uruguayo, sancionado con nueve partidos con su selecci\u00f3n y otros cuatro sin poder desempe\u00f1arse en el mundo del f\u00fatbol, envi\u00f3 un comunicado a trav\u00e9s de las redes sociales donde mostr\u00f3 su pesar por la situaci\u00f3n ocurrida con Giorgio Chiellini. Mir\u00e1 lo que public\u00f3.<\/strong><\/h3>\n<p style=\"text-align: justify;\">\n<p style=\"text-align: justify;\">Grande fue la frustraci\u00f3n de todo el pueblo uruguayo al enterarse sobre la pena impuesta al mejor jugador del plantel. Tal fue la indignaci\u00f3n del caso que, entre otros, fue el Presidente<a title=\"Mujica sobre la FIFA: \u201cSon unos viejos hijos de p\u2026\u201d (Video)\" href=\"http:\/\/www.cordobatimes.com\/deportes\/futbol\/2014\/06\/30\/mujica-sobre-la-fifa-son-unos-viejos-hijos-de-p-video\/\"> Jos\u00e9 Mujica quien trat\u00f3 a los integrantes de FIFA como unos &#8220;hijos de p&#8230;&#8221;<\/a>.<\/p>\n<p style=\"text-align: justify;\">Hoy, quiz\u00e1s para sorpresa de muchos, el actual atacante del Liverpool ingl\u00e9s, que seguir\u00eda su carrera en Barcelona, se explay\u00f3 a trav\u00e9s de las redes sociales. All\u00ed, pidi\u00f3 disculpas a su &#8220;compa\u00f1ero de profesi\u00f3n&#8221; Giorgio Chiellini, se arrepinti\u00f3 &#8220;profundamente&#8221; por lo sucedido en el Uruguay &#8211; Italia y se comprometi\u00f3 p\u00fablicamente a no volver a morder a un rival. Mir\u00e1:<\/p>\n<p style=\"text-align: center;\"><a href=\"http:\/\/www.cordobatimes.com\/deportes\/wp-content\/uploads\/2014\/06\/Suarez2.jpg\"><img loading=\"lazy\" decoding=\"async\" class=\"size-full wp-image-16442 aligncenter\" alt=\"Suarez\" src=\"http:\/\/www.cordobatimes.com\/deportes\/wp-content\/uploads\/2014\/06\/Suarez2.jpg\" width=\"600\" height=\"374\" data-id=\"16442\" srcset=\"https:\/\/www.cordobatimes.com\/deportes\/wp-content\/uploads\/2014\/06\/Suarez2.jpg 600w, https:\/\/www.cordobatimes.com\/deportes\/wp-content\/uploads\/2014\/06\/Suarez2-300x187.jpg 300w\" sizes=\"auto, (max-width: 600px) 100vw, 600px\" \/><\/a><\/p>\n","protected":false},"excerpt":{"rendered":"<p>El delantero uruguayo, sancionado con nueve partidos con su selecci\u00f3n y otros cuatro sin poder desempe\u00f1arse en el mundo del f\u00fatbol, envi\u00f3 un comunicado a trav\u00e9s de las redes sociales donde mostr\u00f3 su pesar por la situaci\u00f3n ocurrida con Giorgio Chiellini. Mir\u00e1 lo que public\u00f3. Grande fue la frustraci\u00f3n de todo el pueblo uruguayo al [&hellip;]<\/p>\n","protected":false},"author":2,"featured_media":16441,"comment_status":"open","ping_status":"open","sticky":false,"template":"","format":"standard","meta":{"_seopress_robots_primary_cat":"","_seopress_titles_title":"","_seopress_titles_desc":"","_seopress_robots_index":"","footnotes":""},"categories":[2,22],"tags":[3391,3358,3390,260,316],"class_list":["post-16440","post","type-post","status-publish","format-standard","has-post-thumbnail","hentry","category-futbol","category-mundial-brasil-2014","tag-arrepentido","tag-chiellini","tag-comunicado","tag-suarez","tag-uruguay"],"_links":{"self":[{"href":"https:\/\/www.cordobatimes.com\/deportes\/wp-json\/wp\/v2\/posts\/16440","targetHints":{"allow":["GET"]}}],"collection":[{"href":"https:\/\/www.cordobatimes.com\/deportes\/wp-json\/wp\/v2\/posts"}],"about":[{"href":"https:\/\/www.cordobatimes.com\/deportes\/wp-json\/wp\/v2\/types\/post"}],"author":[{"embeddable":true,"href":"https:\/\/www.cordobatimes.com\/deportes\/wp-json\/wp\/v2\/users\/2"}],"replies":[{"embeddable":true,"href":"https:\/\/www.cordobatimes.com\/deportes\/wp-json\/wp\/v2\/comments?post=16440"}],"version-history":[{"count":0,"href":"https:\/\/www.cordobatimes.com\/deportes\/wp-json\/wp\/v2\/posts\/16440\/revisions"}],"wp:featuredmedia":[{"embeddable":true,"href":"https:\/\/www.cordobatimes.com\/deportes\/wp-json\/wp\/v2\/media\/16441"}],"wp:attachment":[{"href":"https:\/\/www.cordobatimes.com\/deportes\/wp-json\/wp\/v2\/media?parent=16440"}],"wp:term":[{"taxonomy":"category","embeddable":true,"href":"https:\/\/www.cordobatimes.com\/deportes\/wp-json\/wp\/v2\/categories?post=16440"},{"taxonomy":"post_tag","embeddable":true,"href":"https:\/\/www.cordobatimes.com\/deportes\/wp-json\/wp\/v2\/tags?post=16440"}],"curies":[{"name":"wp","href":"https:\/\/api.w.org\/{rel}","templated":true}]}}