{"id":16437,"date":"2014-06-30T15:33:08","date_gmt":"2014-06-30T18:33:08","guid":{"rendered":"http:\/\/www.cordobatimes.com\/deportes\/?p=16437"},"modified":"2014-06-30T15:33:08","modified_gmt":"2014-06-30T18:33:08","slug":"andres-nocioni-seguiria-su-carrera-en-el-real-madrid","status":"publish","type":"post","link":"https:\/\/www.cordobatimes.com\/deportes\/basquet\/2014\/06\/30\/andres-nocioni-seguiria-su-carrera-en-el-real-madrid\/","title":{"rendered":"Andr\u00e9s Nocioni seguir\u00eda su carrera en el Real Madrid"},"content":{"rendered":"<h3><strong><a href=\"http:\/\/www.cordobatimes.com\/deportes\/wp-content\/uploads\/2014\/06\/Nocioni.jpg\"><img loading=\"lazy\" decoding=\"async\" class=\"size-full wp-image-16438 aligncenter\" alt=\"Nocioni\" src=\"http:\/\/www.cordobatimes.com\/deportes\/wp-content\/uploads\/2014\/06\/Nocioni.jpg\" width=\"600\" height=\"360\" data-id=\"16438\" srcset=\"https:\/\/www.cordobatimes.com\/deportes\/wp-content\/uploads\/2014\/06\/Nocioni.jpg 600w, https:\/\/www.cordobatimes.com\/deportes\/wp-content\/uploads\/2014\/06\/Nocioni-300x180.jpg 300w\" sizes=\"auto, (max-width: 600px) 100vw, 600px\" \/><\/a><\/strong><\/h3>\n<h3><strong>El &#8220;Chapu&#8221;, que integrar\u00e1 el plantel argentino en el Mundial a desarrollarse en Espa\u00f1a, pasar\u00eda del Laboral Kutxa al Merengue, uno de los clubes m\u00e1s grandes de Europa, seg\u00fan informaron medios vascos.<\/strong><\/h3>\n<p>&nbsp;<\/p>\n<p>Nocioni tendr\u00eda un &#8220;principio de acuerdo&#8221; con el elenco madridista, que pagar\u00eda una elevada cifra de dinero para que el alero integre sus filas. De esta forma, desestimar\u00eda una oferta recibida por el actual campe\u00f3n de la Liga italiana, el Emporio Armani A7 Milano.<\/p>\n<p>El santafesino, de pasos por Chicago, Sacramento y Philadelphia, todos dentro de la NBA, llegar\u00eda para reemplazar al montenegrino Nikola Mirotic, quien justamente desembarcar\u00eda en los Bulls para la pr\u00f3xima temporada del b\u00e1squet estadounidense.<\/p>\n","protected":false},"excerpt":{"rendered":"<p>El &#8220;Chapu&#8221;, que integrar\u00e1 el plantel argentino en el Mundial a desarrollarse en Espa\u00f1a, pasar\u00eda del Laboral Kutxa al Merengue, uno de los clubes m\u00e1s grandes de Europa, seg\u00fan informaron medios vascos. &nbsp; Nocioni tendr\u00eda un &#8220;principio de acuerdo&#8221; con el elenco madridista, que pagar\u00eda una elevada cifra de dinero para que el alero integre [&hellip;]<\/p>\n","protected":false},"author":2,"featured_media":16438,"comment_status":"open","ping_status":"open","sticky":false,"template":"","format":"standard","meta":{"_seopress_robots_primary_cat":"","_seopress_titles_title":"","_seopress_titles_desc":"","_seopress_robots_index":"","footnotes":""},"categories":[3],"tags":[301,917,3389,70],"class_list":{"0":"post-16437","1":"post","2":"type-post","3":"status-publish","4":"format-standard","5":"has-post-thumbnail","6":"hentry","7":"category-basquet","9":"tag-fichajes","10":"tag-nocioni","11":"tag-real-madrid"},"_links":{"self":[{"href":"https:\/\/www.cordobatimes.com\/deportes\/wp-json\/wp\/v2\/posts\/16437","targetHints":{"allow":["GET"]}}],"collection":[{"href":"https:\/\/www.cordobatimes.com\/deportes\/wp-json\/wp\/v2\/posts"}],"about":[{"href":"https:\/\/www.cordobatimes.com\/deportes\/wp-json\/wp\/v2\/types\/post"}],"author":[{"embeddable":true,"href":"https:\/\/www.cordobatimes.com\/deportes\/wp-json\/wp\/v2\/users\/2"}],"replies":[{"embeddable":true,"href":"https:\/\/www.cordobatimes.com\/deportes\/wp-json\/wp\/v2\/comments?post=16437"}],"version-history":[{"count":0,"href":"https:\/\/www.cordobatimes.com\/deportes\/wp-json\/wp\/v2\/posts\/16437\/revisions"}],"wp:featuredmedia":[{"embeddable":true,"href":"https:\/\/www.cordobatimes.com\/deportes\/wp-json\/wp\/v2\/media\/16438"}],"wp:attachment":[{"href":"https:\/\/www.cordobatimes.com\/deportes\/wp-json\/wp\/v2\/media?parent=16437"}],"wp:term":[{"taxonomy":"category","embeddable":true,"href":"https:\/\/www.cordobatimes.com\/deportes\/wp-json\/wp\/v2\/categories?post=16437"},{"taxonomy":"post_tag","embeddable":true,"href":"https:\/\/www.cordobatimes.com\/deportes\/wp-json\/wp\/v2\/tags?post=16437"}],"curies":[{"name":"wp","href":"https:\/\/api.w.org\/{rel}","templated":true}]}}