{"id":16422,"date":"2014-06-30T15:20:56","date_gmt":"2014-06-30T18:20:56","guid":{"rendered":"http:\/\/www.cordobatimes.com\/deportes\/?p=16422"},"modified":"2014-06-30T15:20:56","modified_gmt":"2014-06-30T18:20:56","slug":"mujica-sobre-la-fifa-son-unos-viejos-hijos-de-p-video","status":"publish","type":"post","link":"https:\/\/www.cordobatimes.com\/deportes\/futbol\/2014\/06\/30\/mujica-sobre-la-fifa-son-unos-viejos-hijos-de-p-video\/","title":{"rendered":"Mujica sobre la FIFA: &#8220;Son unos viejos hijos de p&#8230;&#8221; (Video)"},"content":{"rendered":"<h3><strong><a href=\"http:\/\/www.cordobatimes.com\/deportes\/wp-content\/uploads\/2014\/06\/Mujica.jpg\"><img loading=\"lazy\" decoding=\"async\" class=\"size-full wp-image-16433 aligncenter\" alt=\"Mujica\" src=\"http:\/\/www.cordobatimes.com\/deportes\/wp-content\/uploads\/2014\/06\/Mujica.jpg\" width=\"750\" height=\"560\" data-id=\"16433\" srcset=\"https:\/\/www.cordobatimes.com\/deportes\/wp-content\/uploads\/2014\/06\/Mujica.jpg 750w, https:\/\/www.cordobatimes.com\/deportes\/wp-content\/uploads\/2014\/06\/Mujica-300x224.jpg 300w\" sizes=\"auto, (max-width: 750px) 100vw, 750px\" \/><\/a><\/strong><\/h3>\n<h3><strong>El Presidente uruguayo lleg\u00f3 al aeropuerto para recibir al plantel eliminado de la Copa del Mundo ante Colombia. Salud\u00f3 a cada uno de los jugadores y, tras el paso de todos, declar\u00f3 ante una c\u00e1mara sobre su repudio a los integrantes del m\u00e1ximo organismo del f\u00fatbol internacional. Adem\u00e1s, critic\u00f3 la sanci\u00f3n a Su\u00e1rez.<\/strong><\/h3>\n<p>&nbsp;<\/p>\n<p>Jos\u00e9 &#8220;Pepe&#8221; Mujica es una persona que no se calla nada y poco hace para disimular su formaci\u00f3n sencilla y humilde pese al cargo que ocupa en el pa\u00eds sudamericano. En este caso, se hizo presente para recibir a la selecci\u00f3n de Uruguay en el aeropuerto de Carrasco.<\/p>\n<p>Luego de saludar a todos, un periodista se acerc\u00f3 al mandatario y le pregunt\u00f3 que opinaba sobre la Copa, la sensaci\u00f3n que le hab\u00eda dejado, a lo que el ex guerrillero respondi\u00f3: &#8220;Que la FIFA son una manga de viejos hijos de puta&#8221;. Consultado sobre la sanci\u00f3n a Luis Su\u00e1rez, dijo que se trataba de una pena &#8220;fascista&#8221;. Mir\u00e1:<\/p>\n<p><iframe loading=\"lazy\" src=\"\/\/www.youtube.com\/embed\/YffKB1_pi5c\" height=\"315\" width=\"560\" allowfullscreen=\"\" frameborder=\"0\"><\/iframe><\/p>\n","protected":false},"excerpt":{"rendered":"<p>El Presidente uruguayo lleg\u00f3 al aeropuerto para recibir al plantel eliminado de la Copa del Mundo ante Colombia. Salud\u00f3 a cada uno de los jugadores y, tras el paso de todos, declar\u00f3 ante una c\u00e1mara sobre su repudio a los integrantes del m\u00e1ximo organismo del f\u00fatbol internacional. Adem\u00e1s, critic\u00f3 la sanci\u00f3n a Su\u00e1rez. &nbsp; Jos\u00e9 [&hellip;]<\/p>\n","protected":false},"author":2,"featured_media":16433,"comment_status":"open","ping_status":"open","sticky":false,"template":"","format":"standard","meta":{"_seopress_robots_primary_cat":"","_seopress_titles_title":"","_seopress_titles_desc":"","_seopress_robots_index":"","footnotes":""},"categories":[2,22],"tags":[108,3388,260,316],"class_list":["post-16422","post","type-post","status-publish","format-standard","has-post-thumbnail","hentry","category-futbol","category-mundial-brasil-2014","tag-fifa","tag-mujica","tag-suarez","tag-uruguay"],"_links":{"self":[{"href":"https:\/\/www.cordobatimes.com\/deportes\/wp-json\/wp\/v2\/posts\/16422","targetHints":{"allow":["GET"]}}],"collection":[{"href":"https:\/\/www.cordobatimes.com\/deportes\/wp-json\/wp\/v2\/posts"}],"about":[{"href":"https:\/\/www.cordobatimes.com\/deportes\/wp-json\/wp\/v2\/types\/post"}],"author":[{"embeddable":true,"href":"https:\/\/www.cordobatimes.com\/deportes\/wp-json\/wp\/v2\/users\/2"}],"replies":[{"embeddable":true,"href":"https:\/\/www.cordobatimes.com\/deportes\/wp-json\/wp\/v2\/comments?post=16422"}],"version-history":[{"count":0,"href":"https:\/\/www.cordobatimes.com\/deportes\/wp-json\/wp\/v2\/posts\/16422\/revisions"}],"wp:featuredmedia":[{"embeddable":true,"href":"https:\/\/www.cordobatimes.com\/deportes\/wp-json\/wp\/v2\/media\/16433"}],"wp:attachment":[{"href":"https:\/\/www.cordobatimes.com\/deportes\/wp-json\/wp\/v2\/media?parent=16422"}],"wp:term":[{"taxonomy":"category","embeddable":true,"href":"https:\/\/www.cordobatimes.com\/deportes\/wp-json\/wp\/v2\/categories?post=16422"},{"taxonomy":"post_tag","embeddable":true,"href":"https:\/\/www.cordobatimes.com\/deportes\/wp-json\/wp\/v2\/tags?post=16422"}],"curies":[{"name":"wp","href":"https:\/\/api.w.org\/{rel}","templated":true}]}}