{"id":16400,"date":"2014-06-30T22:10:41","date_gmt":"2014-07-01T01:10:41","guid":{"rendered":"http:\/\/www.cordobatimes.com\/deportes\/?p=16400"},"modified":"2014-07-01T20:03:45","modified_gmt":"2014-07-01T23:03:45","slug":"alemania-buscara-los-cuartos-ante-la-sorprendente-argelia","status":"publish","type":"post","link":"https:\/\/www.cordobatimes.com\/deportes\/futbol\/2014\/06\/30\/alemania-buscara-los-cuartos-ante-la-sorprendente-argelia\/","title":{"rendered":"Alemania sufri\u00f3 ante Argelia, pero le gan\u00f3 en el suplementario"},"content":{"rendered":"<h3 style=\"text-align: justify;\"><a href=\"http:\/\/www.cordobatimes.com\/deportes\/wp-content\/uploads\/2014\/06\/mundial-brasil-2014-1908140w620.jpg\"><img loading=\"lazy\" decoding=\"async\" class=\"aligncenter size-full wp-image-16449\" alt=\"mundial-brasil-2014-1908140w620\" src=\"http:\/\/www.cordobatimes.com\/deportes\/wp-content\/uploads\/2014\/06\/mundial-brasil-2014-1908140w620.jpg\" width=\"620\" height=\"413\" data-id=\"16449\" srcset=\"https:\/\/www.cordobatimes.com\/deportes\/wp-content\/uploads\/2014\/06\/mundial-brasil-2014-1908140w620.jpg 620w, https:\/\/www.cordobatimes.com\/deportes\/wp-content\/uploads\/2014\/06\/mundial-brasil-2014-1908140w620-300x199.jpg 300w\" sizes=\"auto, (max-width: 620px) 100vw, 620px\" \/><\/a><\/h3>\n<h3 style=\"text-align: justify;\">Fue 2-1, con goles de Sch\u00fcrrle y \u00d6zil, mientras que Djabou descont\u00f3 en el final; los germanos jugar\u00e1n el viernes a las 13 ante los galos en el Maracan\u00e1.<\/h3>\n<p style=\"text-align: justify;\">Alemania\u00a0respet\u00f3 la historia, aunque sufri\u00f3 hasta el tiempo suplementario, y venci\u00f3 a\u00a0Argelia\u00a0por 2-1, en el duelo por octavos de final del\u00a0Mundial Brasil 2014. Los goles fueron convertido por Andre Sch\u00fcrrle a los dos minutos del primer tiempo extra y Mesut \u00d6zil, en el final. Mientras que Djabou descont\u00f3 en la \u00faltima jugada.<\/p>\n<p style=\"text-align: justify;\">Durante los 90 minutos, Argelia y Alemania desperdiciaron numerosas ocasiones y firmaron un empate sin goles. Alemania jug\u00f3 con su \u00faltima l\u00ednea muy adelantada, lo que abri\u00f3 los espacios para los veloces extremos argelinos y oblig\u00f3 al arquero Manuel Neuer a salir de su \u00e1rea hasta en cuatro ocasiones para desbaratar los contragolpes del equipo africano.<\/p>\n<section id=\"cuerpo\" itemprop=\"articleBody\">\n<p style=\"text-align: justify;\">Y aunque en los primeros minutos mejores acciones llegaron por parte de Argelia, Alemania domin\u00f3 la pelota y fue metiendo a su rival sobre el \u00e1rea. Un equipo argelino que s\u00f3lo pudo apostar a la contra con el pasar de los minutos.<\/p>\n<p><object width=\"600\" height=\"350\"><param name=\"movie\" value=\"http:\/\/cdntx.lanacion.com.ar\/anexos\/Videos\/00\/85100.mp4\"><\/param><param name=\"allowFullScreen\" value=\"true\"><\/param><param name=\"allowscriptaccess\" value=\"always\"><\/param><embed src=\"http:\/\/cdntx.lanacion.com.ar\/anexos\/Videos\/00\/85100.mp4\" type=\"application\/x-shockwave-flash\" allowscriptaccess=\"always\" allowfullscreen=\"true\" width=\"600\" height=\"350\"><\/embed><\/object><\/p>\n<p style=\"text-align: justify;\">Por los cuartos de final,\u00a0Alemania enfrentar\u00e1 a Francia.\u00a0Ser\u00e1 el viernes, a las 13, en el Maracan\u00e1. Para los germanos significa la clasificaci\u00f3n otra vez a una etapa que conocen a la perfecci\u00f3n: sacando la segunda rueda de Argentina 78, Alemania fue subcampe\u00f3n en Espa\u00f1a 82 y M\u00e9xico 86, campe\u00f3n en Italia 90, cuartofinalista en Estados Unidos 94 y Francia 98, subcampe\u00f3n en Corea y Jap\u00f3n 2002 y semifinalista en Alemania 2006 y Sud\u00e1frica 2010.<\/p>\n<p><iframe loading=\"lazy\" src=\"http:\/\/cdntx.lanacion.com.ar\/deportes\/html\/v3\/module.html?channel=deportes.futbol.mundial.186816&amp;lang=es_LA&amp;module=lineUpFull\" height=\"1000\" width=\"620\" frameborder=\"\" scrolling=\"auto\"><\/iframe><\/p>\n<\/section>\n<section id=\"herramientas\">\n<div>COMPARTIR<a>Facebook<\/a><a>Twitter<\/a><\/div>\n<\/section>\n<div><\/div>\n","protected":false},"excerpt":{"rendered":"<p>Fue 2-1, con goles de Sch\u00fcrrle y \u00d6zil, mientras que Djabou descont\u00f3 en el final; los germanos jugar\u00e1n el viernes a las 13 ante los galos en el Maracan\u00e1. Alemania\u00a0respet\u00f3 la historia, aunque sufri\u00f3 hasta el tiempo suplementario, y venci\u00f3 a\u00a0Argelia\u00a0por 2-1, en el duelo por octavos de final del\u00a0Mundial Brasil 2014. Los goles fueron [&hellip;]<\/p>\n","protected":false},"author":2,"featured_media":16449,"comment_status":"open","ping_status":"open","sticky":false,"template":"","format":"standard","meta":{"_seopress_robots_primary_cat":"","_seopress_titles_title":"","_seopress_titles_desc":"","_seopress_robots_index":"","footnotes":""},"categories":[2,22],"tags":[3378,476],"class_list":["post-16400","post","type-post","status-publish","format-standard","has-post-thumbnail","hentry","category-futbol","category-mundial-brasil-2014","tag-alemania-argelia","tag-brasil-2014"],"_links":{"self":[{"href":"https:\/\/www.cordobatimes.com\/deportes\/wp-json\/wp\/v2\/posts\/16400","targetHints":{"allow":["GET"]}}],"collection":[{"href":"https:\/\/www.cordobatimes.com\/deportes\/wp-json\/wp\/v2\/posts"}],"about":[{"href":"https:\/\/www.cordobatimes.com\/deportes\/wp-json\/wp\/v2\/types\/post"}],"author":[{"embeddable":true,"href":"https:\/\/www.cordobatimes.com\/deportes\/wp-json\/wp\/v2\/users\/2"}],"replies":[{"embeddable":true,"href":"https:\/\/www.cordobatimes.com\/deportes\/wp-json\/wp\/v2\/comments?post=16400"}],"version-history":[{"count":0,"href":"https:\/\/www.cordobatimes.com\/deportes\/wp-json\/wp\/v2\/posts\/16400\/revisions"}],"wp:featuredmedia":[{"embeddable":true,"href":"https:\/\/www.cordobatimes.com\/deportes\/wp-json\/wp\/v2\/media\/16449"}],"wp:attachment":[{"href":"https:\/\/www.cordobatimes.com\/deportes\/wp-json\/wp\/v2\/media?parent=16400"}],"wp:term":[{"taxonomy":"category","embeddable":true,"href":"https:\/\/www.cordobatimes.com\/deportes\/wp-json\/wp\/v2\/categories?post=16400"},{"taxonomy":"post_tag","embeddable":true,"href":"https:\/\/www.cordobatimes.com\/deportes\/wp-json\/wp\/v2\/tags?post=16400"}],"curies":[{"name":"wp","href":"https:\/\/api.w.org\/{rel}","templated":true}]}}