{"id":16302,"date":"2014-06-27T12:06:49","date_gmt":"2014-06-27T15:06:49","guid":{"rendered":"http:\/\/www.cordobatimes.com\/deportes\/?p=16302"},"modified":"2014-06-27T12:06:49","modified_gmt":"2014-06-27T15:06:49","slug":"talleres-el-fondo-de-inversion-continuara-hasta-las-elecciones","status":"publish","type":"post","link":"https:\/\/www.cordobatimes.com\/deportes\/futbol\/2014\/06\/27\/talleres-el-fondo-de-inversion-continuara-hasta-las-elecciones\/","title":{"rendered":"Talleres: el Fondo de Inversi\u00f3n continuar\u00e1 hasta las elecciones"},"content":{"rendered":"<figure id=\"attachment_16303\" aria-describedby=\"caption-attachment-16303\" style=\"width: 920px\" class=\"wp-caption aligncenter\"><a href=\"http:\/\/www.cordobatimes.com\/deportes\/wp-content\/uploads\/2014\/06\/Escribano.jpg\"><img loading=\"lazy\" decoding=\"async\" class=\"size-full wp-image-16303 \" alt=\"Rodrigo Escribano, presidente del Fondo de Inversi\u00f3n\" src=\"http:\/\/www.cordobatimes.com\/deportes\/wp-content\/uploads\/2014\/06\/Escribano.jpg\" width=\"920\" height=\"576\" data-id=\"16303\" srcset=\"https:\/\/www.cordobatimes.com\/deportes\/wp-content\/uploads\/2014\/06\/Escribano.jpg 920w, https:\/\/www.cordobatimes.com\/deportes\/wp-content\/uploads\/2014\/06\/Escribano-300x187.jpg 300w\" sizes=\"auto, (max-width: 920px) 100vw, 920px\" \/><\/a><figcaption id=\"caption-attachment-16303\" class=\"wp-caption-text\">Rodrigo Escribano, presidente del Fondo de Inversi\u00f3n<\/figcaption><\/figure>\n<h3 style=\"text-align: justify;\"><b>El \u00f3rgano fiduciario dio el visto bueno para que el Fondo contin\u00fae en frente del Matador hasta las elecciones. As\u00ed, el grupo de Fassi dar\u00eda un paso al costado y no se presentar\u00eda en ninguna lista.<\/b><\/h3>\n<p style=\"text-align: justify;\">\n<p style=\"text-align: justify;\">\n<p style=\"text-align: justify;\">Luego de una semana con varias idas y vueltas, el \u00f3rgano fiduciario tomo la decisi\u00f3n de ratificar al Fondo de Inversi\u00f3n en Talleres, aunque todav\u00eda falta el paso burocr\u00e1tico, es decir, que el juez Sa\u00fal Silvestre remita su decisi\u00f3n. Esto podr\u00eda ocurrir hoy en horas de la tarde. De esta manera, el grupo encabezado por Andr\u00e9s Fassi quedar\u00eda descartado, y por ende, el empresario no se presentar\u00eda como candidato en ninguna lista para las pr\u00f3ximas elecciones.<\/p>\n<p style=\"text-align: justify;\">Las elecciones en la \u201cT\u201d todav\u00eda no tienen fecha confirmada, aunque podr\u00edan darse entre la segunda mitad de este a\u00f1o y los primeros meses de 2015. Como ya lo expres\u00f3 el propio juez Silvestre, se busca recuperar la institucionalidad del club con apertura de padrones y plazo para presentar candidatos hasta el 22 de julio pr\u00f3ximo.<\/p>\n<p style=\"text-align: justify;\">Respecto a lo estrictamente futbol\u00edstico, los directivos albiazules<b> <\/b>confirmaron la llegada del delantero Marcos Godoy para jugar la pr\u00f3xima temporada en el Torneo Federal. As\u00ed, el jugador oriundo de Z\u00e1rate (Buenos Aires), se convierte en el primer refuerzo para el equipo de Barrio Jard\u00edn procedente de Atlanta.<\/p>\n<p style=\"text-align: justify;\">Godoy se form\u00f3 en las inferiores de Quilmes, y tiene pasos por algunos equipos de Colombia. Tambi\u00e9n formo parte de los planteles de Guarn\u00ed Antonio Franco de Misiones, Talleres (RE), Estudiantes de Buenos Aires y Platense.<\/p>\n","protected":false},"excerpt":{"rendered":"<p>El \u00f3rgano fiduciario dio el visto bueno para que el Fondo contin\u00fae en frente del Matador hasta las elecciones. As\u00ed, el grupo de Fassi dar\u00eda un paso al costado y no se presentar\u00eda en ninguna lista. Luego de una semana con varias idas y vueltas, el \u00f3rgano fiduciario tomo la decisi\u00f3n de ratificar al Fondo [&hellip;]<\/p>\n","protected":false},"author":15,"featured_media":16303,"comment_status":"open","ping_status":"open","sticky":false,"template":"","format":"standard","meta":{"_seopress_robots_primary_cat":"","_seopress_titles_title":"","_seopress_titles_desc":"","_seopress_robots_index":"","footnotes":""},"categories":[2],"tags":[3366,2819,639,1048,40,733],"class_list":["post-16302","post","type-post","status-publish","format-standard","has-post-thumbnail","hentry","category-futbol","tag-andres-fassi","tag-argentino-a","tag-fondo-de-inversion","tag-rodrigo-escribano","tag-talleres","tag-torneo-federal"],"_links":{"self":[{"href":"https:\/\/www.cordobatimes.com\/deportes\/wp-json\/wp\/v2\/posts\/16302","targetHints":{"allow":["GET"]}}],"collection":[{"href":"https:\/\/www.cordobatimes.com\/deportes\/wp-json\/wp\/v2\/posts"}],"about":[{"href":"https:\/\/www.cordobatimes.com\/deportes\/wp-json\/wp\/v2\/types\/post"}],"author":[{"embeddable":true,"href":"https:\/\/www.cordobatimes.com\/deportes\/wp-json\/wp\/v2\/users\/15"}],"replies":[{"embeddable":true,"href":"https:\/\/www.cordobatimes.com\/deportes\/wp-json\/wp\/v2\/comments?post=16302"}],"version-history":[{"count":0,"href":"https:\/\/www.cordobatimes.com\/deportes\/wp-json\/wp\/v2\/posts\/16302\/revisions"}],"wp:featuredmedia":[{"embeddable":true,"href":"https:\/\/www.cordobatimes.com\/deportes\/wp-json\/wp\/v2\/media\/16303"}],"wp:attachment":[{"href":"https:\/\/www.cordobatimes.com\/deportes\/wp-json\/wp\/v2\/media?parent=16302"}],"wp:term":[{"taxonomy":"category","embeddable":true,"href":"https:\/\/www.cordobatimes.com\/deportes\/wp-json\/wp\/v2\/categories?post=16302"},{"taxonomy":"post_tag","embeddable":true,"href":"https:\/\/www.cordobatimes.com\/deportes\/wp-json\/wp\/v2\/tags?post=16302"}],"curies":[{"name":"wp","href":"https:\/\/api.w.org\/{rel}","templated":true}]}}