{"id":16299,"date":"2014-06-27T11:31:21","date_gmt":"2014-06-27T14:31:21","guid":{"rendered":"http:\/\/www.cordobatimes.com\/deportes\/?p=16299"},"modified":"2014-06-27T11:31:21","modified_gmt":"2014-06-27T14:31:21","slug":"chiellini-la-sancion-a-suarez-es-excesiva","status":"publish","type":"post","link":"https:\/\/www.cordobatimes.com\/deportes\/futbol\/2014\/06\/27\/chiellini-la-sancion-a-suarez-es-excesiva\/","title":{"rendered":"Chiellini: &#8220;La sanci\u00f3n a Su\u00e1rez es excesiva&#8221;"},"content":{"rendered":"<p style=\"text-align: center;\"><a href=\"http:\/\/www.cordobatimes.com\/deportes\/wp-content\/uploads\/2014\/06\/Chiellini.jpg\"><img loading=\"lazy\" decoding=\"async\" class=\"size-full wp-image-16300 aligncenter\" alt=\"Chiellini\" src=\"http:\/\/www.cordobatimes.com\/deportes\/wp-content\/uploads\/2014\/06\/Chiellini.jpg\" width=\"634\" height=\"476\" data-id=\"16300\" srcset=\"https:\/\/www.cordobatimes.com\/deportes\/wp-content\/uploads\/2014\/06\/Chiellini.jpg 634w, https:\/\/www.cordobatimes.com\/deportes\/wp-content\/uploads\/2014\/06\/Chiellini-300x225.jpg 300w\" sizes=\"auto, (max-width: 634px) 100vw, 634px\" \/><\/a><\/p>\n<h3 style=\"text-align: justify;\"><b>El defensor italiano, quien fue v\u00edctima del\u00a0mordisc\u00f3\u00a0del uruguayo, manifest\u00f3 que no est\u00e1 de acuerdo con la suspensi\u00f3n al delantero: \u201cMi pensamiento est\u00e1\u00a0con Su\u00e1rez y su familia\u201d.<\/b><\/h3>\n<h3 style=\"text-align: justify;\"><\/h3>\n<p style=\"text-align: justify;\">\n<p style=\"text-align: justify;\">Giorgio Chiellini ser\u00e1 recordado en esta Copa del Mundo no por el desempe\u00f1o de la selecci\u00f3n italiana, que qued\u00f3 eliminada en primera rueda, sino por ser quien recibi\u00f3 el mordisco del delantero uruguayo Luis Su\u00e1rez. Debido a esto, la FIFA decidi\u00f3 sancionar al jugador del Liverpool ingles con nueve partidos son su selecci\u00f3n, m\u00e1s cuatro meses sin poder jugar con ning\u00fan club, y 80.000 euros de multa.<\/p>\n<p style=\"text-align: justify;\">En este contexto, el defensor italiano evit\u00f3 las pol\u00e9micas y apoy\u00f3 al delantero en una carta que public\u00f3 en su sitio web: \u201cDentro de m\u00ed no hay un sentimiento de alegr\u00eda, ni de venganza ni de rabia contra Luis Su\u00e1rez por el incidente que ocurri\u00f3 y termin\u00f3 en el campo. S\u00f3lo tengo rabia y desilusi\u00f3n por el partido perdido\u201d, comenz\u00f3.<\/p>\n<p style=\"text-align: justify;\">Luego prosigui\u00f3: \u201cEn estos momentos mi \u00fanico pensamiento es para Luis y su familia, porque se encuentran afrontando un per\u00edodo muy dif\u00edcil. Siempre he considerado como algo inequ\u00edvoco las medidas disciplinarias por parte de los \u00f3rganos competentes, sin embargo, creo que la sanci\u00f3n impuesta es excesiva\u201d.<\/p>\n<p style=\"text-align: justify;\">\u201cEspero sinceramente que se le permita , al menos, estar cerca de sus compa\u00f1eros durante los partidos, porque esta prohibici\u00f3n es realmente desesperante para un jugador\u201d, concluy\u00f3.<\/p>\n","protected":false},"excerpt":{"rendered":"<p>El defensor italiano, quien fue v\u00edctima del\u00a0mordisc\u00f3\u00a0del uruguayo, manifest\u00f3 que no est\u00e1 de acuerdo con la suspensi\u00f3n al delantero: \u201cMi pensamiento est\u00e1\u00a0con Su\u00e1rez y su familia\u201d. Giorgio Chiellini ser\u00e1 recordado en esta Copa del Mundo no por el desempe\u00f1o de la selecci\u00f3n italiana, que qued\u00f3 eliminada en primera rueda, sino por ser quien recibi\u00f3 el [&hellip;]<\/p>\n","protected":false},"author":15,"featured_media":16300,"comment_status":"open","ping_status":"open","sticky":false,"template":"","format":"standard","meta":{"_seopress_robots_primary_cat":"","_seopress_titles_title":"","_seopress_titles_desc":"","_seopress_robots_index":"","footnotes":""},"categories":[2,22],"tags":[3358,108,533,3365,3357,316],"class_list":["post-16299","post","type-post","status-publish","format-standard","has-post-thumbnail","hentry","category-futbol","category-mundial-brasil-2014","tag-chiellini","tag-fifa","tag-italia","tag-mordisco-de-luis-suarez","tag-sancion","tag-uruguay"],"_links":{"self":[{"href":"https:\/\/www.cordobatimes.com\/deportes\/wp-json\/wp\/v2\/posts\/16299","targetHints":{"allow":["GET"]}}],"collection":[{"href":"https:\/\/www.cordobatimes.com\/deportes\/wp-json\/wp\/v2\/posts"}],"about":[{"href":"https:\/\/www.cordobatimes.com\/deportes\/wp-json\/wp\/v2\/types\/post"}],"author":[{"embeddable":true,"href":"https:\/\/www.cordobatimes.com\/deportes\/wp-json\/wp\/v2\/users\/15"}],"replies":[{"embeddable":true,"href":"https:\/\/www.cordobatimes.com\/deportes\/wp-json\/wp\/v2\/comments?post=16299"}],"version-history":[{"count":0,"href":"https:\/\/www.cordobatimes.com\/deportes\/wp-json\/wp\/v2\/posts\/16299\/revisions"}],"wp:featuredmedia":[{"embeddable":true,"href":"https:\/\/www.cordobatimes.com\/deportes\/wp-json\/wp\/v2\/media\/16300"}],"wp:attachment":[{"href":"https:\/\/www.cordobatimes.com\/deportes\/wp-json\/wp\/v2\/media?parent=16299"}],"wp:term":[{"taxonomy":"category","embeddable":true,"href":"https:\/\/www.cordobatimes.com\/deportes\/wp-json\/wp\/v2\/categories?post=16299"},{"taxonomy":"post_tag","embeddable":true,"href":"https:\/\/www.cordobatimes.com\/deportes\/wp-json\/wp\/v2\/tags?post=16299"}],"curies":[{"name":"wp","href":"https:\/\/api.w.org\/{rel}","templated":true}]}}