{"id":16267,"date":"2014-06-26T14:06:14","date_gmt":"2014-06-26T17:06:14","guid":{"rendered":"http:\/\/www.cordobatimes.com\/deportes\/?p=16267"},"modified":"2014-06-26T14:06:14","modified_gmt":"2014-06-26T17:06:14","slug":"belgrano-espera-por-refuerzos","status":"publish","type":"post","link":"https:\/\/www.cordobatimes.com\/deportes\/futbol\/2014\/06\/26\/belgrano-espera-por-refuerzos\/","title":{"rendered":"Belgrano espera por refuerzos"},"content":{"rendered":"<p style=\"text-align: center;\"><a href=\"http:\/\/www.cordobatimes.com\/deportes\/wp-content\/uploads\/2014\/06\/Belgrano.jpg\"><img loading=\"lazy\" decoding=\"async\" class=\"size-full wp-image-16268 aligncenter\" alt=\"Belgrano\" src=\"http:\/\/www.cordobatimes.com\/deportes\/wp-content\/uploads\/2014\/06\/Belgrano.jpg\" width=\"520\" height=\"346\" data-id=\"16268\" srcset=\"https:\/\/www.cordobatimes.com\/deportes\/wp-content\/uploads\/2014\/06\/Belgrano.jpg 520w, https:\/\/www.cordobatimes.com\/deportes\/wp-content\/uploads\/2014\/06\/Belgrano-300x199.jpg 300w\" sizes=\"auto, (max-width: 520px) 100vw, 520px\" \/><\/a><\/p>\n<h3 style=\"text-align: justify;\"><b>El plantel pirata contin\u00faa con las pr\u00e1cticas en Villa Esqui\u00fa. Zielinski espera refuerzos. El 28 de este mes el plantel viaja a Necochea <\/b><\/h3>\n<p style=\"text-align: justify;\">\n<p style=\"text-align: justify;\">\n<p style=\"text-align: justify;\">La \u201cB\u201d sigue con las pr\u00e1cticas en el predio de Villa Esqui\u00fa con la cabeza puesta en lo que ser\u00e1 el pr\u00f3ximo torneo de primera divisi\u00f3n. El s\u00e1bado viajaran hacia Necochea, donde realizaran la parte dura de la pretemporada. La dirigencia todav\u00eda no avanz\u00f3 en ninguna negociaci\u00f3n para contratar un mediocampista y un delantero.<\/p>\n<p style=\"text-align: justify;\">De esta manera, hasta el momento el defensor Carlos Soto es la \u00fanica incorporaci\u00f3n del Pirata. Con la llegada del ex \u2013 zaguero central de All Boys, Juan Quiroga perdi\u00f3 su lugar y ayer se despidi\u00f3 de sus compa\u00f1eros luego de integrar el plantel por tres temporadas.<\/p>\n<p style=\"text-align: justify;\">En el medio campo la idea de la comisi\u00f3n directiva es hacerse con los servicios de Ezequiel Videla, ex \u2013 Instituto, de reciente paso por Col\u00f3n de Santa Fe, aunque seg\u00fan reconocieron los directivos la posibilidad es lejana. En el caso del delantero que solicit\u00f3 Zielinski, contin\u00faan las tratativas aunque no hay ning\u00fan resultado hasta el momento.<\/p>\n<p style=\"text-align: justify;\">Falta definir el futuro de Luciano Lollo, quien en un principio ten\u00eda una oferta desde B\u00e9lgica, y en los \u00faltimos d\u00edas se conoci\u00f3 el inter\u00e9s de Racing para contratarlo. Todav\u00eda no est\u00e1 definido y habr\u00e1 que esperar que resoluci\u00f3n tome el jugador junto con su representante.<\/p>\n","protected":false},"excerpt":{"rendered":"<p>El plantel pirata contin\u00faa con las pr\u00e1cticas en Villa Esqui\u00fa. Zielinski espera refuerzos. El 28 de este mes el plantel viaja a Necochea La \u201cB\u201d sigue con las pr\u00e1cticas en el predio de Villa Esqui\u00fa con la cabeza puesta en lo que ser\u00e1 el pr\u00f3ximo torneo de primera divisi\u00f3n. El s\u00e1bado viajaran hacia Necochea, donde [&hellip;]<\/p>\n","protected":false},"author":15,"featured_media":16268,"comment_status":"open","ping_status":"open","sticky":false,"template":"","format":"standard","meta":{"_seopress_robots_primary_cat":"","_seopress_titles_title":"","_seopress_titles_desc":"","_seopress_robots_index":"","footnotes":""},"categories":[2,16],"tags":[37,3257,1017,105,448,550],"class_list":["post-16267","post","type-post","status-publish","format-standard","has-post-thumbnail","hentry","category-futbol","category-primera-division","tag-belgrano","tag-necochea","tag-pretemporada","tag-primera-division-2","tag-refuerzos","tag-zielinski"],"_links":{"self":[{"href":"https:\/\/www.cordobatimes.com\/deportes\/wp-json\/wp\/v2\/posts\/16267","targetHints":{"allow":["GET"]}}],"collection":[{"href":"https:\/\/www.cordobatimes.com\/deportes\/wp-json\/wp\/v2\/posts"}],"about":[{"href":"https:\/\/www.cordobatimes.com\/deportes\/wp-json\/wp\/v2\/types\/post"}],"author":[{"embeddable":true,"href":"https:\/\/www.cordobatimes.com\/deportes\/wp-json\/wp\/v2\/users\/15"}],"replies":[{"embeddable":true,"href":"https:\/\/www.cordobatimes.com\/deportes\/wp-json\/wp\/v2\/comments?post=16267"}],"version-history":[{"count":0,"href":"https:\/\/www.cordobatimes.com\/deportes\/wp-json\/wp\/v2\/posts\/16267\/revisions"}],"wp:featuredmedia":[{"embeddable":true,"href":"https:\/\/www.cordobatimes.com\/deportes\/wp-json\/wp\/v2\/media\/16268"}],"wp:attachment":[{"href":"https:\/\/www.cordobatimes.com\/deportes\/wp-json\/wp\/v2\/media?parent=16267"}],"wp:term":[{"taxonomy":"category","embeddable":true,"href":"https:\/\/www.cordobatimes.com\/deportes\/wp-json\/wp\/v2\/categories?post=16267"},{"taxonomy":"post_tag","embeddable":true,"href":"https:\/\/www.cordobatimes.com\/deportes\/wp-json\/wp\/v2\/tags?post=16267"}],"curies":[{"name":"wp","href":"https:\/\/api.w.org\/{rel}","templated":true}]}}