{"id":16264,"date":"2014-06-26T13:25:22","date_gmt":"2014-06-26T16:25:22","guid":{"rendered":"http:\/\/www.cordobatimes.com\/deportes\/?p=16264"},"modified":"2014-06-26T13:25:22","modified_gmt":"2014-06-26T16:25:22","slug":"instituto-comenzo-la-pretemporada","status":"publish","type":"post","link":"https:\/\/www.cordobatimes.com\/deportes\/futbol\/2014\/06\/26\/instituto-comenzo-la-pretemporada\/","title":{"rendered":"Instituto comenz\u00f3 la pretemporada"},"content":{"rendered":"<p style=\"text-align: center;\"><a href=\"http:\/\/www.cordobatimes.com\/deportes\/wp-content\/uploads\/2014\/06\/IACC2.jpg\"><img loading=\"lazy\" decoding=\"async\" class=\"size-full wp-image-16265 aligncenter\" alt=\"IACC\" src=\"http:\/\/www.cordobatimes.com\/deportes\/wp-content\/uploads\/2014\/06\/IACC2.jpg\" width=\"600\" height=\"450\" data-id=\"16265\" srcset=\"https:\/\/www.cordobatimes.com\/deportes\/wp-content\/uploads\/2014\/06\/IACC2.jpg 600w, https:\/\/www.cordobatimes.com\/deportes\/wp-content\/uploads\/2014\/06\/IACC2-300x225.jpg 300w\" sizes=\"auto, (max-width: 600px) 100vw, 600px\" \/><\/a><\/p>\n<h3 style=\"text-align: justify;\"><b>La gloria arranc\u00f3 ayer la pretemporada en el predio La Agustina. \u201cPipi\u201d Garcia se convirti\u00f3 en el nuevo refuerzo albirrojo.<\/b><\/h3>\n<p style=\"text-align: justify;\">\n<p style=\"text-align: justify;\">\n<p style=\"text-align: justify;\">Instituto Atl\u00e9tico Central C\u00f3rdoba puso primera y arranc\u00f3 con los trabajos de cara a la pr\u00f3xima temporada en el torneo de transici\u00f3n de la B Nacional, donde buscara conseguir el ascenso en diciembre. En la pr\u00e1ctica estuvieron presentes 18 jugadores, entre ellos varios juveniles. Con el correr de los d\u00edas se ir\u00e1n sumando los futbolistas que a\u00fan est\u00e1n de licencia y los nuevos refuerzos que lleguen.<\/p>\n<p style=\"text-align: justify;\">El plante que estuvo ayer en La Agustina fue: Arqueros: Dom\u00ednguez, Maidana y Olivera. Defensores: Damiani, Moreyra, Ferraro, Gallardo, Castro, Schmidt. Mediocampistas: Correa, Peralta, Endrizzi, Bernardi, Godoy. Delanteros: Ponzio, Gotti, Soda y Burzio.<\/p>\n<p style=\"text-align: justify;\">La buena noticia pas\u00f3 porque la Comisi\u00f3n Directiva cerr\u00f3 la contrataci\u00f3n de Jos\u00e9 Luis Garc\u00eda, enganche de 29 a\u00f1os que llega procedente de Patronato de Paran\u00e1. El \u201cPipi\u201d se sumar\u00e1 a los trabajos reci\u00e9n el martes pr\u00f3ximo debido a que el fin de semana ser\u00e1 pap\u00e1 por segunda vez.<\/p>\n<p style=\"text-align: justify;\">Para la pr\u00e1ctica de hoy, al igual que ma\u00f1ana y el s\u00e1bado, los jugadores se juntaron en el Monumental de Alta C\u00f3rdoba para desde all\u00ed partir hacia el Parque de las Naciones donde realizaran trabajos f\u00edsicos. El domingo, a las 19.30, la delegaci\u00f3n gloriosa partir\u00e1 hacia Alta Gracia donde quedaran concentrados en el predio de AGEC durante dos semanas.<\/p>\n<p style=\"text-align: justify;\">Por \u00faltimo, para el 19 de junio se confirm\u00f3 un amistoso entre Instituto y Talleres en el estadio Kempes. Respecto a la Copa Argentina, el equipo de Alta C\u00f3rdoba debutara el mi\u00e9rcoles 23 de julio ante Arsenal en San Luis.<\/p>\n","protected":false},"excerpt":{"rendered":"<p>La gloria arranc\u00f3 ayer la pretemporada en el predio La Agustina. \u201cPipi\u201d Garcia se convirti\u00f3 en el nuevo refuerzo albirrojo. Instituto Atl\u00e9tico Central C\u00f3rdoba puso primera y arranc\u00f3 con los trabajos de cara a la pr\u00f3xima temporada en el torneo de transici\u00f3n de la B Nacional, donde buscara conseguir el ascenso en diciembre. En la [&hellip;]<\/p>\n","protected":false},"author":15,"featured_media":16265,"comment_status":"open","ping_status":"open","sticky":false,"template":"","format":"standard","meta":{"_seopress_robots_primary_cat":"","_seopress_titles_title":"","_seopress_titles_desc":"","_seopress_robots_index":"","footnotes":""},"categories":[2,17],"tags":[559,349,35,3362,330,1017],"class_list":["post-16264","post","type-post","status-publish","format-standard","has-post-thumbnail","hentry","category-futbol","category-nacional-b","tag-alta-cordoba","tag-ascenso","tag-instituto","tag-la-agustina","tag-nacional-b-2","tag-pretemporada"],"_links":{"self":[{"href":"https:\/\/www.cordobatimes.com\/deportes\/wp-json\/wp\/v2\/posts\/16264","targetHints":{"allow":["GET"]}}],"collection":[{"href":"https:\/\/www.cordobatimes.com\/deportes\/wp-json\/wp\/v2\/posts"}],"about":[{"href":"https:\/\/www.cordobatimes.com\/deportes\/wp-json\/wp\/v2\/types\/post"}],"author":[{"embeddable":true,"href":"https:\/\/www.cordobatimes.com\/deportes\/wp-json\/wp\/v2\/users\/15"}],"replies":[{"embeddable":true,"href":"https:\/\/www.cordobatimes.com\/deportes\/wp-json\/wp\/v2\/comments?post=16264"}],"version-history":[{"count":0,"href":"https:\/\/www.cordobatimes.com\/deportes\/wp-json\/wp\/v2\/posts\/16264\/revisions"}],"wp:featuredmedia":[{"embeddable":true,"href":"https:\/\/www.cordobatimes.com\/deportes\/wp-json\/wp\/v2\/media\/16265"}],"wp:attachment":[{"href":"https:\/\/www.cordobatimes.com\/deportes\/wp-json\/wp\/v2\/media?parent=16264"}],"wp:term":[{"taxonomy":"category","embeddable":true,"href":"https:\/\/www.cordobatimes.com\/deportes\/wp-json\/wp\/v2\/categories?post=16264"},{"taxonomy":"post_tag","embeddable":true,"href":"https:\/\/www.cordobatimes.com\/deportes\/wp-json\/wp\/v2\/tags?post=16264"}],"curies":[{"name":"wp","href":"https:\/\/api.w.org\/{rel}","templated":true}]}}