{"id":16228,"date":"2014-06-26T15:15:47","date_gmt":"2014-06-26T18:15:47","guid":{"rendered":"http:\/\/www.cordobatimes.com\/deportes\/?p=16228"},"modified":"2019-04-02T20:01:11","modified_gmt":"2019-04-02T23:01:11","slug":"portugal-enfrenta-a-ghana-buscando-el-milagro-de-clasificar","status":"publish","type":"post","link":"https:\/\/www.cordobatimes.com\/deportes\/futbol\/2014\/06\/26\/portugal-enfrenta-a-ghana-buscando-el-milagro-de-clasificar\/","title":{"rendered":"Portugal derrot\u00f3 a Ghana pero no le alcanz\u00f3"},"content":{"rendered":"<h3 style=\"text-align: justify;\"><b>A pesar de la victoria por 2-1 frente a Ghana en la \u00faltima fecha del Grupo C, el seleccionado Luso qued\u00f3 eliminado del Mundial por diferencia de gol. <\/b><\/h3>\n<p style=\"text-align: justify;\">En un partido disputado en Brasilia, Portugal se impuso a Ghana por 2 a 1 pero no le alcanz\u00f3 para clasificarse a los octavos de final. De esta manera, Alemania y Estados unidos son los clasificados por el Grupo G.<\/p>\n<p style=\"text-align: justify;\">Ambos conjuntos deb\u00edan ganar y esperar que los norteamericanos pierdan frente a los alemanes. Portugal hizo todo los m\u00e9ritos para ganarlo por varios goles, pero la mala fortuna y las manos del arquero Fatawu Dauda le negaron la ventaja a Cristiano Ronaldo y compa\u00f1\u00eda. El gol lleg\u00f3 reci\u00e9n a los 31 del primero tiempo, luego de un centro de Miguel Veloso que Boye la meti\u00f3 en contra.<\/p>\n<p style=\"text-align: justify;\">Ya en el complemento, los ghan\u00e9ses salieron a buscarlo y a los 10 realizaron una gran jugada colectiva que Asamoah Gyan cambi\u00f3 por gol con un gran cabezazo. Con la ca\u00edda de Estados Unidos, los africanos necesitaban un gol m\u00e1s para clasificarse y buscaron durante varios minutos el gol. Cuando faltaban 10 para el final, Cristiano Ronaldo aprovecho un mal despeje del portero ghan\u00e9s y marc\u00f3 su primer gol en Brasil 2014.<\/p>\n<p style=\"text-align: justify;\">Ya no hubo demasiado tiempo para m\u00e1s. As\u00ed, ambos seleccionados arman los bolsos y se vuelven para sus pa\u00edses. Recordemos que Ghana es la primera vez que queda afuera en la fase de grupo, ya que en sus dos presentaciones anteriores (Alemania 2006 y Sud\u00e1frica 2010), llegaron a octavos y a cuartos de final respectivamente.<\/p>\n<h3 style=\"text-align: justify;\"><strong>\u00a0<\/strong><\/h3>\n<p style=\"text-align: justify;\"><strong>FORMACIONES<\/strong><\/p>\n<p style=\"text-align: justify;\"><b>Portugal:\u00a0<\/b>Beto; Joao Pereira, Ricardo Costa, Bruno Alves, Andr\u00e9 Almeida; Joao Moutinho, Miguel Veloso, Ra\u00fal Meireles; Nani, Cristiano Ronaldo y \u00c9der.\u00a0<b>DT:\u00a0<\/b>Paulo Bento.<\/p>\n<div style=\"text-align: justify;\"><b>Ghana:\u00a0<\/b>Fatawu Dauda; Jonathan Mensah, John Boye, Harrison Afful, Kwadwo Asamoah; Sulley Muntari, Christian Atsu, Mohammed Rabiu; Kevin Boateng, Andr\u00e9 Ayew y Asamoah Gyan.\u00a0<b>DT:\u00a0<\/b>James Appiah.<\/div>\n","protected":false},"excerpt":{"rendered":"<p>A pesar de la victoria por 2-1 frente a Ghana en la \u00faltima fecha del Grupo C, el seleccionado Luso qued\u00f3 eliminado del Mundial por diferencia de gol. En un partido disputado en Brasilia, Portugal se impuso a Ghana por 2 a 1 pero no le alcanz\u00f3 para clasificarse a los octavos de final. De [&hellip;]<\/p>\n","protected":false},"author":15,"featured_media":16273,"comment_status":"open","ping_status":"open","sticky":false,"template":"","format":"standard","meta":{"_seopress_robots_primary_cat":"none","_seopress_titles_title":"","_seopress_titles_desc":"","_seopress_robots_index":"","footnotes":""},"categories":[2,22],"tags":[476,185,715,588],"class_list":["post-16228","post","type-post","status-publish","format-standard","has-post-thumbnail","hentry","category-futbol","category-mundial-brasil-2014","tag-brasil-2014","tag-cristiano-ronaldo","tag-ghana","tag-portugal"],"_links":{"self":[{"href":"https:\/\/www.cordobatimes.com\/deportes\/wp-json\/wp\/v2\/posts\/16228","targetHints":{"allow":["GET"]}}],"collection":[{"href":"https:\/\/www.cordobatimes.com\/deportes\/wp-json\/wp\/v2\/posts"}],"about":[{"href":"https:\/\/www.cordobatimes.com\/deportes\/wp-json\/wp\/v2\/types\/post"}],"author":[{"embeddable":true,"href":"https:\/\/www.cordobatimes.com\/deportes\/wp-json\/wp\/v2\/users\/15"}],"replies":[{"embeddable":true,"href":"https:\/\/www.cordobatimes.com\/deportes\/wp-json\/wp\/v2\/comments?post=16228"}],"version-history":[{"count":0,"href":"https:\/\/www.cordobatimes.com\/deportes\/wp-json\/wp\/v2\/posts\/16228\/revisions"}],"wp:featuredmedia":[{"embeddable":true,"href":"https:\/\/www.cordobatimes.com\/deportes\/wp-json\/wp\/v2\/media\/16273"}],"wp:attachment":[{"href":"https:\/\/www.cordobatimes.com\/deportes\/wp-json\/wp\/v2\/media?parent=16228"}],"wp:term":[{"taxonomy":"category","embeddable":true,"href":"https:\/\/www.cordobatimes.com\/deportes\/wp-json\/wp\/v2\/categories?post=16228"},{"taxonomy":"post_tag","embeddable":true,"href":"https:\/\/www.cordobatimes.com\/deportes\/wp-json\/wp\/v2\/tags?post=16228"}],"curies":[{"name":"wp","href":"https:\/\/api.w.org\/{rel}","templated":true}]}}