{"id":16172,"date":"2014-06-25T11:39:02","date_gmt":"2014-06-25T14:39:02","guid":{"rendered":"http:\/\/www.cordobatimes.com\/deportes\/?p=16172"},"modified":"2014-06-25T11:39:02","modified_gmt":"2014-06-25T14:39:02","slug":"copa-argentina-confirmaron-dias-y-sedes-de-los-16vos-de-final","status":"publish","type":"post","link":"https:\/\/www.cordobatimes.com\/deportes\/futbol\/2014\/06\/25\/copa-argentina-confirmaron-dias-y-sedes-de-los-16vos-de-final\/","title":{"rendered":"Copa Argentina: confirmaron d\u00edas y sedes de los 16vos de final"},"content":{"rendered":"<h3 style=\"text-align: justify;\"><strong><a href=\"http:\/\/www.cordobatimes.com\/deportes\/wp-content\/uploads\/2014\/06\/Copa-Argentina.jpg\"><img loading=\"lazy\" decoding=\"async\" class=\"size-full wp-image-16173 aligncenter\" alt=\"Copa Argentina\" src=\"http:\/\/www.cordobatimes.com\/deportes\/wp-content\/uploads\/2014\/06\/Copa-Argentina.jpg\" width=\"920\" height=\"576\" data-id=\"16173\" srcset=\"https:\/\/www.cordobatimes.com\/deportes\/wp-content\/uploads\/2014\/06\/Copa-Argentina.jpg 920w, https:\/\/www.cordobatimes.com\/deportes\/wp-content\/uploads\/2014\/06\/Copa-Argentina-300x187.jpg 300w\" sizes=\"auto, (max-width: 920px) 100vw, 920px\" \/><\/a>Dos d\u00edas despu\u00e9s de la finalizaci\u00f3n del Mundial, los torneos nacionales volver\u00e1n a ver rodar la pelota. El primer duelo v\u00e1lido por la Copa ser\u00e1 entre Estudiantes y Douglas Haig, el 15 de julio. El 19, Belgrano visitar\u00e1 a Independiente y el 22, Talleres de medir\u00e1 con Newell`s.<\/strong><\/h3>\n<p style=\"text-align: justify;\">\n<p style=\"text-align: justify;\">El campeonato m\u00e1s federal de nuestro pa\u00eds tendr\u00e1 su continuaci\u00f3n luego de Brasil 2014. Ser\u00e1 el primer certamen que reanude sus actividades y promete emociones, comenzando a vislumbrar quienes pasar\u00e1n de fase y se meter\u00e1n entre los 16 mejores equipos.<\/p>\n<p style=\"text-align: justify;\">Para los cordobeses, el Pirata viajar\u00e1 a Buenos Aires para medirse con el ascendido Independiente, el s\u00e1bado 19 de julio. En tanto, el \u00fanico partido que no tiene a su sede confirmada es el de la &#8220;T&#8221;, recientemente descendido al Argentino A. El Matador tendr\u00e1 que enfrentarse con Newell`s, rival al que tambi\u00e9n enfrent\u00f3 en la edici\u00f3n pasada. Ese encuentro se disputar\u00e1 el martes 22 del mismo mes.<\/p>\n<p style=\"text-align: justify;\">Boca tendr\u00e1 su duelo de 16vos con Hurac\u00e1n, el s\u00e1bado 26, en el Estadio del Bicentenario de San Juan, mientras que River lo har\u00e1 un d\u00eda despu\u00e9s en el Padre Martiarena de Salta enfrentando a Ferro.<\/p>\n<p style=\"text-align: justify;\"><strong>CRONOGRAMA COMPLETO<\/strong><\/p>\n<p style=\"text-align: justify;\"><b><span style=\"text-decoration: underline;\">Martes 15 de julio<\/span><\/b><b><\/b><\/p>\n<p style=\"text-align: justify;\">Estudiantes de La Plata &#8211; Douglas Haig (Sede Buenos Aires)<\/p>\n<p style=\"text-align: justify;\"><b><span style=\"text-decoration: underline;\">Mi\u00e9rcoles 16 de julio<\/span><\/b><b><\/b><\/p>\n<p style=\"text-align: justify;\">San Lorenzo &#8211; Almirante Brown (estadio Juan Gilberto Funes, San Luis)<\/p>\n<p style=\"text-align: justify;\"><b><span style=\"text-decoration: underline;\">Jueves 17 de julio<\/span><\/b><b><\/b><\/p>\n<p style=\"text-align: justify;\">Olimpo &#8211; Atl\u00e9tico de Rafaela (Sede Buenos Aires)<\/p>\n<p style=\"text-align: justify;\"><b><span style=\"text-decoration: underline;\">Viernes 18 de julio<\/span><\/b><b><\/b><\/p>\n<p style=\"text-align: justify;\">Gimnasia La Plata &#8211; Argentinos (Sede Buenos Aires)<\/p>\n<p style=\"text-align: justify;\"><b><span style=\"text-decoration: underline;\">S\u00e1bado 19 de julio<\/span><\/b><b><\/b><\/p>\n<p style=\"text-align: justify;\">Independiente &#8211; Belgrano de C\u00f3rdoba (Sede Buenos Aires)<\/p>\n<p style=\"text-align: justify;\"><b><span style=\"text-decoration: underline;\">Domingo 20 de julio<\/span><\/b><b><\/b><\/p>\n<p style=\"text-align: justify;\">Racing &#8211; San Mart\u00edn de San Juan (estadio Juan Gilberto Funes, San Luis)<\/p>\n<p style=\"text-align: justify;\"><b><span style=\"text-decoration: underline;\">Lunes 21 de julio<\/span><\/b><b><\/b><\/p>\n<p style=\"text-align: justify;\">Quilmes &#8211; Banfield (estadio Padre Martearena, Salta)<\/p>\n<p style=\"text-align: justify;\"><b><span style=\"text-decoration: underline;\">Martes 22 de julio<\/span><\/b><b><\/b><\/p>\n<p style=\"text-align: justify;\">Newell&#8217;s &#8211; Talleres de C\u00f3rdoba (Sede a confirmar)<\/p>\n<p style=\"text-align: justify;\">Tigre &#8211; All Boys (Sede Buenos Aires)<\/p>\n<p style=\"text-align: justify;\"><b><span style=\"text-decoration: underline;\">Mi\u00e9rcoles 23 de julio<\/span><\/b><b><\/b><\/p>\n<p style=\"text-align: justify;\">Rosario Central &#8211; Juventud Unida de San Luis (Sede C\u00f3rdoba)<\/p>\n<p style=\"text-align: justify;\">Arsenal &#8211; Instituto de C\u00f3rdoba (estadio Juan Gilberto Funes, San Luis)<\/p>\n<p style=\"text-align: justify;\">Godoy Cruz &#8211; Defensa y Justicia (estadio San Juan del Bicentenario)<\/p>\n<p style=\"text-align: justify;\"><b><span style=\"text-decoration: underline;\">Jueves 24 de julio<\/span><\/b><b><\/b><\/p>\n<p style=\"text-align: justify;\">V\u00e9lez &#8211; Estudiantes de Buenos Aires (Sede Buenos Aires)<\/p>\n<p style=\"text-align: justify;\"><b><span style=\"text-decoration: underline;\">S\u00e1bado 26 de julio<\/span><\/b><b><\/b><\/p>\n<p style=\"text-align: justify;\">Boca &#8211; Hurac\u00e1n (estadio San Juan del Bicentenario)<\/p>\n<p style=\"text-align: justify;\"><b><span style=\"text-decoration: underline;\">Domingo 27 de julio<\/span><\/b><b><\/b><\/p>\n<p style=\"text-align: justify;\">River &#8211; Ferro (estadio Padre Martearena, Salta)<\/p>\n<p style=\"text-align: justify;\">Lan\u00fas &#8211; Col\u00f3n de Santa Fe (Sede Buenos Aires)<\/p>\n","protected":false},"excerpt":{"rendered":"<p>Dos d\u00edas despu\u00e9s de la finalizaci\u00f3n del Mundial, los torneos nacionales volver\u00e1n a ver rodar la pelota. El primer duelo v\u00e1lido por la Copa ser\u00e1 entre Estudiantes y Douglas Haig, el 15 de julio. El 19, Belgrano visitar\u00e1 a Independiente y el 22, Talleres de medir\u00e1 con Newell`s. El campeonato m\u00e1s federal de nuestro pa\u00eds [&hellip;]<\/p>\n","protected":false},"author":2,"featured_media":16173,"comment_status":"open","ping_status":"open","sticky":false,"template":"","format":"standard","meta":{"_seopress_robots_primary_cat":"","_seopress_titles_title":"","_seopress_titles_desc":"","_seopress_robots_index":"","footnotes":""},"categories":[20,2],"tags":[33,37,52,3348,74],"class_list":["post-16172","post","type-post","status-publish","format-standard","has-post-thumbnail","hentry","category-copa-argentina","category-futbol","tag-afa","tag-belgrano","tag-boca","tag-copa-argentina-2014","tag-river"],"_links":{"self":[{"href":"https:\/\/www.cordobatimes.com\/deportes\/wp-json\/wp\/v2\/posts\/16172","targetHints":{"allow":["GET"]}}],"collection":[{"href":"https:\/\/www.cordobatimes.com\/deportes\/wp-json\/wp\/v2\/posts"}],"about":[{"href":"https:\/\/www.cordobatimes.com\/deportes\/wp-json\/wp\/v2\/types\/post"}],"author":[{"embeddable":true,"href":"https:\/\/www.cordobatimes.com\/deportes\/wp-json\/wp\/v2\/users\/2"}],"replies":[{"embeddable":true,"href":"https:\/\/www.cordobatimes.com\/deportes\/wp-json\/wp\/v2\/comments?post=16172"}],"version-history":[{"count":0,"href":"https:\/\/www.cordobatimes.com\/deportes\/wp-json\/wp\/v2\/posts\/16172\/revisions"}],"wp:featuredmedia":[{"embeddable":true,"href":"https:\/\/www.cordobatimes.com\/deportes\/wp-json\/wp\/v2\/media\/16173"}],"wp:attachment":[{"href":"https:\/\/www.cordobatimes.com\/deportes\/wp-json\/wp\/v2\/media?parent=16172"}],"wp:term":[{"taxonomy":"category","embeddable":true,"href":"https:\/\/www.cordobatimes.com\/deportes\/wp-json\/wp\/v2\/categories?post=16172"},{"taxonomy":"post_tag","embeddable":true,"href":"https:\/\/www.cordobatimes.com\/deportes\/wp-json\/wp\/v2\/tags?post=16172"}],"curies":[{"name":"wp","href":"https:\/\/api.w.org\/{rel}","templated":true}]}}