{"id":16135,"date":"2014-06-24T13:30:03","date_gmt":"2014-06-24T16:30:03","guid":{"rendered":"http:\/\/www.cordobatimes.com\/deportes\/?p=16135"},"modified":"2014-06-24T13:30:03","modified_gmt":"2014-06-24T16:30:03","slug":"el-avion-que-trasladaba-el-seleccionado-de-espana-hacia-madrid-fue-golpeado-por-un-rayo","status":"publish","type":"post","link":"https:\/\/www.cordobatimes.com\/deportes\/futbol\/2014\/06\/24\/el-avion-que-trasladaba-el-seleccionado-de-espana-hacia-madrid-fue-golpeado-por-un-rayo\/","title":{"rendered":"El avi\u00f3n que trasladaba el seleccionado de Espa\u00f1a hacia Madrid fue golpeado por un rayo"},"content":{"rendered":"<p style=\"text-align: center;\"><a href=\"http:\/\/www.cordobatimes.com\/deportes\/wp-content\/uploads\/2014\/06\/Espa\u00f1a2.jpg\"><img loading=\"lazy\" decoding=\"async\" class=\"size-full wp-image-16136 aligncenter\" alt=\"Espa\u00f1a\" src=\"http:\/\/www.cordobatimes.com\/deportes\/wp-content\/uploads\/2014\/06\/Espa\u00f1a2.jpg\" width=\"960\" height=\"640\" data-id=\"16136\" srcset=\"https:\/\/www.cordobatimes.com\/deportes\/wp-content\/uploads\/2014\/06\/Espa\u00f1a2.jpg 960w, https:\/\/www.cordobatimes.com\/deportes\/wp-content\/uploads\/2014\/06\/Espa\u00f1a2-300x200.jpg 300w\" sizes=\"auto, (max-width: 960px) 100vw, 960px\" \/><\/a><\/p>\n<h3 style=\"text-align: justify;\"><b>Como si la eliminaci\u00f3n en primera ronda hubiese sido poco, la vuelta del seleccionado ib\u00e9rico hacia su pa\u00eds sufri\u00f3 un percance. Cuando el avi\u00f3n aterrizaba en Barajas, recibi\u00f3 el impacto de un rayo. Por suerte fue s\u00f3lo un susto.<\/b><\/h3>\n<p style=\"text-align: justify;\">\n<p style=\"text-align: justify;\">\n<p style=\"text-align: justify;\">La selecci\u00f3n de Espa\u00f1a cerr\u00f3 su participaci\u00f3n en Brasil 2014 ayer cuando por la \u00faltima fecha del Grupo B derrot\u00f3 a Australia por 3 a 0. Fue el partido para salvar el honor, ya que los campeones del mundo en Sud\u00e1frica 2010 quedaron eliminados al caer frente a Chile por 2 a 0.<\/p>\n<p style=\"text-align: justify;\">En \u00a0la vuelta hacia Madrid todo iba bien hasta el momento del aterrizaje en el Aeropuerto Internacional de Barajas, en donde la aeronave fue alcanzada por un rayo. El propio piloto confirm\u00f3 el hecho y tranquilizo cuando aviso que el Airbus no hab\u00eda sufrido ning\u00fan da\u00f1o. Finalmente solo se trat\u00f3 de un susto, y quince minutos despu\u00e9s el avi\u00f3n aterriz\u00f3 sin ning\u00fan tipo de problemas.<\/p>\n<p style=\"text-align: justify;\">En la salida del aeropuerto el plantel se retir\u00f3 en furgonetas por otra puerta, dejando a los hinchas que hab\u00edan ido a saludarlos sin nada. De esta manera los espa\u00f1oles cierran el libro de la Copa del Mundo de Brasil siendo la gran decepci\u00f3n.<\/p>\n","protected":false},"excerpt":{"rendered":"<p>Como si la eliminaci\u00f3n en primera ronda hubiese sido poco, la vuelta del seleccionado ib\u00e9rico hacia su pa\u00eds sufri\u00f3 un percance. Cuando el avi\u00f3n aterrizaba en Barajas, recibi\u00f3 el impacto de un rayo. Por suerte fue s\u00f3lo un susto. La selecci\u00f3n de Espa\u00f1a cerr\u00f3 su participaci\u00f3n en Brasil 2014 ayer cuando por la \u00faltima fecha [&hellip;]<\/p>\n","protected":false},"author":15,"featured_media":16136,"comment_status":"open","ping_status":"open","sticky":false,"template":"","format":"standard","meta":{"_seopress_robots_primary_cat":"","_seopress_titles_title":"","_seopress_titles_desc":"","_seopress_robots_index":"","footnotes":""},"categories":[2,22],"tags":[3342,301,983,2849,3343,1441],"class_list":{"0":"post-16135","1":"post","2":"type-post","3":"status-publish","4":"format-standard","5":"has-post-thumbnail","6":"hentry","7":"category-futbol","8":"category-mundial-brasil-2014","9":"tag-barajas","11":"tag-madrid","12":"tag-mundial-brasil","13":"tag-rayo","14":"tag-vuelta"},"_links":{"self":[{"href":"https:\/\/www.cordobatimes.com\/deportes\/wp-json\/wp\/v2\/posts\/16135","targetHints":{"allow":["GET"]}}],"collection":[{"href":"https:\/\/www.cordobatimes.com\/deportes\/wp-json\/wp\/v2\/posts"}],"about":[{"href":"https:\/\/www.cordobatimes.com\/deportes\/wp-json\/wp\/v2\/types\/post"}],"author":[{"embeddable":true,"href":"https:\/\/www.cordobatimes.com\/deportes\/wp-json\/wp\/v2\/users\/15"}],"replies":[{"embeddable":true,"href":"https:\/\/www.cordobatimes.com\/deportes\/wp-json\/wp\/v2\/comments?post=16135"}],"version-history":[{"count":0,"href":"https:\/\/www.cordobatimes.com\/deportes\/wp-json\/wp\/v2\/posts\/16135\/revisions"}],"wp:featuredmedia":[{"embeddable":true,"href":"https:\/\/www.cordobatimes.com\/deportes\/wp-json\/wp\/v2\/media\/16136"}],"wp:attachment":[{"href":"https:\/\/www.cordobatimes.com\/deportes\/wp-json\/wp\/v2\/media?parent=16135"}],"wp:term":[{"taxonomy":"category","embeddable":true,"href":"https:\/\/www.cordobatimes.com\/deportes\/wp-json\/wp\/v2\/categories?post=16135"},{"taxonomy":"post_tag","embeddable":true,"href":"https:\/\/www.cordobatimes.com\/deportes\/wp-json\/wp\/v2\/tags?post=16135"}],"curies":[{"name":"wp","href":"https:\/\/api.w.org\/{rel}","templated":true}]}}