{"id":16116,"date":"2014-06-24T09:00:06","date_gmt":"2014-06-24T12:00:06","guid":{"rendered":"http:\/\/www.cordobatimes.com\/deportes\/?p=16116"},"modified":"2014-06-24T09:00:06","modified_gmt":"2014-06-24T12:00:06","slug":"diego-lugano-escribio-una-emotiva-carta-dirigida-al-pueblo-uruguayo","status":"publish","type":"post","link":"https:\/\/www.cordobatimes.com\/deportes\/futbol\/2014\/06\/24\/diego-lugano-escribio-una-emotiva-carta-dirigida-al-pueblo-uruguayo\/","title":{"rendered":"Diego Lugano escribi\u00f3 una emotiva carta dirigida al pueblo uruguayo"},"content":{"rendered":"<h3><strong><a href=\"http:\/\/www.cordobatimes.com\/deportes\/wp-content\/uploads\/2014\/06\/Lugano.jpg\"><img loading=\"lazy\" decoding=\"async\" class=\"size-full wp-image-16117 aligncenter\" alt=\"Lugano\" src=\"http:\/\/www.cordobatimes.com\/deportes\/wp-content\/uploads\/2014\/06\/Lugano.jpg\" width=\"635\" height=\"426\" data-id=\"16117\" srcset=\"https:\/\/www.cordobatimes.com\/deportes\/wp-content\/uploads\/2014\/06\/Lugano.jpg 635w, https:\/\/www.cordobatimes.com\/deportes\/wp-content\/uploads\/2014\/06\/Lugano-300x201.jpg 300w\" sizes=\"auto, (max-width: 635px) 100vw, 635px\" \/><\/a><\/strong><\/h3>\n<h3><strong>El marcador central, uno de los emblemas hist\u00f3ricos de la selecci\u00f3n celeste, decidi\u00f3 tomarse un tiempo y enviarle una misiva a los habitantes charr\u00faas, pidi\u00e9ndoles aliento y acompa\u00f1amiento en este duro partido contra Italia. Leela entera.<\/strong><\/h3>\n<p>&nbsp;<\/p>\n<p>Uruguay, un pa\u00eds de 3,3 millones de habitantes, es el que tiene mayor n\u00famero de futbolistas por kil\u00f3metro cuadrado del mundo. Es una tierra que vive y respira f\u00fatbol y hoy, desde las 13, tendr\u00e1 un duro duelo frente a Italia, donde uno de los dos sacar\u00e1 pasaje rumbo a octavos de final y el otro deber\u00e1 volverse a casa. En este marco, el capit\u00e1n escribi\u00f3:<\/p>\n<p>&#8220;Un pedido a todos los uruguayos:<\/p>\n<p>Cada Copa del Mundo nos sirve para redescubrir que los uruguayos no somos ni como los argentinos, ni los alemanes, ni los brasile\u00f1os, ni los espa\u00f1oles, ni los ingleses&#8230; Los uruguayos somos bien uruguayos y nos parecemos solo a nosotros mismos, aunque a veces queremos ser diferentes. No tomamos terer\u00e9 ni t\u00e9 a las 5: tomamos mate a cualquier hora&#8230; comemos asado, jugamos al truco, amamos el f\u00fatbol y so\u00f1amos con imposibles. Nuestro horizonte han sido y ser\u00e1n el esfuerzo y los milagros; y nuestra pasi\u00f3n fueron, son y ser\u00e1n los desaf\u00edos.<\/p>\n<p>Somos contradictorios, injustos, inmaduros, so\u00f1adores, porfiados&#8230; muy porfiados. Nunca nos damos por vencidos, somos luchadores. Somos chiquitos pero so\u00f1amos con ser gigantes. Somos una familia&#8230; y qu\u00e9 familia! Los que se van son sustituidos por los que llegan, parecemos un gran equipo de f\u00fatbol (tan grande, que a veces cuando jugamos nos molestamos a nosotros mismos!). Queremos ganar los partidos f\u00e1ciles pero los convertimos en dif\u00edciles, y a veces los dif\u00edciles se nos hacen un poquito (s\u00f3lo un poquito) m\u00e1s f\u00e1ciles. Los jugamos todos, pero cuando ganamos, se dice &#8220;ganamos&#8221;; cuando perdemos, se dice &#8220;perdieron&#8221;.<\/p>\n<p>Somos concientes de que tres millones de uruguayos est\u00e1n pendientes de nosotros, \u00bfpero saben una cosa?, nosotros tambi\u00e9n estamos pendientes de los tres millones de uruguayos. Nos gusta que nos alienten, necesitamos que nos apoyen en cada error; nos gusta que se emocionen, que lloren de alegr\u00eda en cada gol, en cada pelota dividida&#8230; Sabemos que hasta quienes nos critican dar\u00edan lo que fuera por estar corriendo y ayudando, y que son los primeros que se alegran cuando ganamos. Sentimos la presi\u00f3n, s\u00ed, claro que la sentimos; por eso a veces cuando juega Uruguay sentimos algo que lo entendemos pero no podemos creerlo; y cuando por fin lo creemos, no logramos entenderlo. Nos emociona.<\/p>\n<p>A pocas horas de este partido trascendental, de este enorme y dificil\u00edsimo desaf\u00edo, solo les pido que todos los uruguayos estemos unidos, alentando a la Celeste, que es m\u00e1s importante que todo. La Celeste es m\u00e1s importante que nombres, capitanes, resultados&#8230; Hagamos fuerza juntos, porque nosotros sentimos la camiseta como nadie cuando sentimos al pa\u00eds unido y a la gente feliz. As\u00ed, somos tres millones de jugadores que pesan en la cancha; y que lo hacemos por la positiva, con actitud, con ganas, con hambre de GLORIA, con la linda presi\u00f3n de sentirnos obligados a no fallarle a nuestra propia historia.<\/p>\n<p>Los invito a confiar, a tener paciencia, a tener la audacia de so\u00f1ar lo mejor. Nosotros no nacimos para las f\u00e1ciles, nacimos para las dif\u00edciles, y esta es una dif\u00edcil. Les pido uni\u00f3n. Uruguay noma&#8217;!!!!!!!!!<\/p>\n<p>Un abrazo a todos. Diego.&#8221;<\/p>\n","protected":false},"excerpt":{"rendered":"<p>El marcador central, uno de los emblemas hist\u00f3ricos de la selecci\u00f3n celeste, decidi\u00f3 tomarse un tiempo y enviarle una misiva a los habitantes charr\u00faas, pidi\u00e9ndoles aliento y acompa\u00f1amiento en este duro partido contra Italia. Leela entera. &nbsp; Uruguay, un pa\u00eds de 3,3 millones de habitantes, es el que tiene mayor n\u00famero de futbolistas por kil\u00f3metro [&hellip;]<\/p>\n","protected":false},"author":2,"featured_media":16117,"comment_status":"open","ping_status":"open","sticky":false,"template":"","format":"standard","meta":{"_seopress_robots_primary_cat":"","_seopress_titles_title":"","_seopress_titles_desc":"","_seopress_robots_index":"","footnotes":""},"categories":[2,22],"tags":[476,3336,3335,316],"class_list":["post-16116","post","type-post","status-publish","format-standard","has-post-thumbnail","hentry","category-futbol","category-mundial-brasil-2014","tag-brasil-2014","tag-carta-de-lugano-al-pueblo-uruguayo","tag-diego-lugano","tag-uruguay"],"_links":{"self":[{"href":"https:\/\/www.cordobatimes.com\/deportes\/wp-json\/wp\/v2\/posts\/16116","targetHints":{"allow":["GET"]}}],"collection":[{"href":"https:\/\/www.cordobatimes.com\/deportes\/wp-json\/wp\/v2\/posts"}],"about":[{"href":"https:\/\/www.cordobatimes.com\/deportes\/wp-json\/wp\/v2\/types\/post"}],"author":[{"embeddable":true,"href":"https:\/\/www.cordobatimes.com\/deportes\/wp-json\/wp\/v2\/users\/2"}],"replies":[{"embeddable":true,"href":"https:\/\/www.cordobatimes.com\/deportes\/wp-json\/wp\/v2\/comments?post=16116"}],"version-history":[{"count":0,"href":"https:\/\/www.cordobatimes.com\/deportes\/wp-json\/wp\/v2\/posts\/16116\/revisions"}],"wp:featuredmedia":[{"embeddable":true,"href":"https:\/\/www.cordobatimes.com\/deportes\/wp-json\/wp\/v2\/media\/16117"}],"wp:attachment":[{"href":"https:\/\/www.cordobatimes.com\/deportes\/wp-json\/wp\/v2\/media?parent=16116"}],"wp:term":[{"taxonomy":"category","embeddable":true,"href":"https:\/\/www.cordobatimes.com\/deportes\/wp-json\/wp\/v2\/categories?post=16116"},{"taxonomy":"post_tag","embeddable":true,"href":"https:\/\/www.cordobatimes.com\/deportes\/wp-json\/wp\/v2\/tags?post=16116"}],"curies":[{"name":"wp","href":"https:\/\/api.w.org\/{rel}","templated":true}]}}