{"id":16053,"date":"2014-06-23T12:18:03","date_gmt":"2014-06-23T15:18:03","guid":{"rendered":"http:\/\/www.cordobatimes.com\/deportes\/?p=16053"},"modified":"2014-06-23T12:18:03","modified_gmt":"2014-06-23T15:18:03","slug":"talleres-hoy-vuelve-ghiso-a-cordoba","status":"publish","type":"post","link":"https:\/\/www.cordobatimes.com\/deportes\/futbol\/2014\/06\/23\/talleres-hoy-vuelve-ghiso-a-cordoba\/","title":{"rendered":"Talleres: hoy vuelve Ghiso a C\u00f3rdoba"},"content":{"rendered":"<p style=\"text-align: center;\"><a href=\"http:\/\/www.cordobatimes.com\/deportes\/wp-content\/uploads\/2014\/06\/Ghiso2.jpg\"><img loading=\"lazy\" decoding=\"async\" class=\"size-full wp-image-16054 aligncenter\" alt=\"Ghiso\" src=\"http:\/\/www.cordobatimes.com\/deportes\/wp-content\/uploads\/2014\/06\/Ghiso2.jpg\" width=\"640\" height=\"360\" data-id=\"16054\" srcset=\"https:\/\/www.cordobatimes.com\/deportes\/wp-content\/uploads\/2014\/06\/Ghiso2.jpg 640w, https:\/\/www.cordobatimes.com\/deportes\/wp-content\/uploads\/2014\/06\/Ghiso2-300x168.jpg 300w\" sizes=\"auto, (max-width: 640px) 100vw, 640px\" \/><\/a><\/p>\n<h3 style=\"text-align: justify;\"><b>\u201cVitrola\u201d regresa hoy a C\u00f3rdoba para terminar de sellar su vinculaci\u00f3n con la \u201cT\u201d en el Torneo Argentino A, ahora llamado Federal A. Hab\u00eda sido ratificado de palabra.<\/b><\/h3>\n<p style=\"text-align: justify;\">\n<p style=\"text-align: justify;\">\n<p style=\"text-align: justify;\">El Matador busca armarse lo mejor posible para poder volver cuanto antes al Nacional B. Finalmente, y luego de varias idas y vueltas, Jorge Ghiso fue confirmado (de palabra), para quedarse a dirigir al albiazul en el Torneo Federal A. \u201cVitrola\u201d estar\u00e1 acompa\u00f1ado por Coleoni, quien conoce bien el club, como ayudante t\u00e9cnico.<\/p>\n<p style=\"text-align: justify;\">El DT estar\u00e1 a cargo de la vuelta a los entrenamientos ma\u00f1ana, en La Boutique de Barrio Jard\u00edn. Ghiso estar\u00e1 retornando hoy a La Docta, y quiere reunirse con los dirigentes del Fondo de Inversi\u00f3n para definir algunas cuestiones como el tema de los refuerzos y la pretemporada.<\/p>\n<p style=\"text-align: justify;\">En lo que la parte judicial respeta, Sa\u00fal Silvestre, juez encargado de la quiebra del club, se reunir\u00e1 hoy con allegados de Andres Fassi, vicepresidente del Grupo Pachuca. Estos presentaran por escrito su propuesta de pago del pasivo del club, buscando que Silvestre los autorice para coadministrar la \u201cT\u201d, en lugar del Fondo.<\/p>\n","protected":false},"excerpt":{"rendered":"<p>\u201cVitrola\u201d regresa hoy a C\u00f3rdoba para terminar de sellar su vinculaci\u00f3n con la \u201cT\u201d en el Torneo Argentino A, ahora llamado Federal A. Hab\u00eda sido ratificado de palabra. El Matador busca armarse lo mejor posible para poder volver cuanto antes al Nacional B. Finalmente, y luego de varias idas y vueltas, Jorge Ghiso fue confirmado [&hellip;]<\/p>\n","protected":false},"author":15,"featured_media":16054,"comment_status":"open","ping_status":"open","sticky":false,"template":"","format":"standard","meta":{"_seopress_robots_primary_cat":"","_seopress_titles_title":"","_seopress_titles_desc":"","_seopress_robots_index":"","footnotes":""},"categories":[2],"tags":[2819,639,2328,3328,40],"class_list":["post-16053","post","type-post","status-publish","format-standard","has-post-thumbnail","hentry","category-futbol","tag-argentino-a","tag-fondo-de-inversion","tag-ghiso","tag-saul-silvestre","tag-talleres"],"_links":{"self":[{"href":"https:\/\/www.cordobatimes.com\/deportes\/wp-json\/wp\/v2\/posts\/16053","targetHints":{"allow":["GET"]}}],"collection":[{"href":"https:\/\/www.cordobatimes.com\/deportes\/wp-json\/wp\/v2\/posts"}],"about":[{"href":"https:\/\/www.cordobatimes.com\/deportes\/wp-json\/wp\/v2\/types\/post"}],"author":[{"embeddable":true,"href":"https:\/\/www.cordobatimes.com\/deportes\/wp-json\/wp\/v2\/users\/15"}],"replies":[{"embeddable":true,"href":"https:\/\/www.cordobatimes.com\/deportes\/wp-json\/wp\/v2\/comments?post=16053"}],"version-history":[{"count":0,"href":"https:\/\/www.cordobatimes.com\/deportes\/wp-json\/wp\/v2\/posts\/16053\/revisions"}],"wp:featuredmedia":[{"embeddable":true,"href":"https:\/\/www.cordobatimes.com\/deportes\/wp-json\/wp\/v2\/media\/16054"}],"wp:attachment":[{"href":"https:\/\/www.cordobatimes.com\/deportes\/wp-json\/wp\/v2\/media?parent=16053"}],"wp:term":[{"taxonomy":"category","embeddable":true,"href":"https:\/\/www.cordobatimes.com\/deportes\/wp-json\/wp\/v2\/categories?post=16053"},{"taxonomy":"post_tag","embeddable":true,"href":"https:\/\/www.cordobatimes.com\/deportes\/wp-json\/wp\/v2\/tags?post=16053"}],"curies":[{"name":"wp","href":"https:\/\/api.w.org\/{rel}","templated":true}]}}