{"id":16038,"date":"2014-06-23T19:30:31","date_gmt":"2014-06-23T22:30:31","guid":{"rendered":"http:\/\/www.cordobatimes.com\/deportes\/?p=16038"},"modified":"2014-06-24T08:52:29","modified_gmt":"2014-06-24T11:52:29","slug":"croacia-mexico-una-pasa-el-otro-queda-eliminado","status":"publish","type":"post","link":"https:\/\/www.cordobatimes.com\/deportes\/futbol\/2014\/06\/23\/croacia-mexico-una-pasa-el-otro-queda-eliminado\/","title":{"rendered":"M\u00e9xico pas\u00f3 a octavos, donde jugar\u00e1 con Holanda"},"content":{"rendered":"<h3><strong><a href=\"http:\/\/www.cordobatimes.com\/deportes\/wp-content\/uploads\/2014\/06\/Mexico.jpg\"><img loading=\"lazy\" decoding=\"async\" class=\"size-full wp-image-16106 aligncenter\" alt=\"Mexico\" src=\"http:\/\/www.cordobatimes.com\/deportes\/wp-content\/uploads\/2014\/06\/Mexico.jpg\" width=\"940\" height=\"627\" data-id=\"16106\" srcset=\"https:\/\/www.cordobatimes.com\/deportes\/wp-content\/uploads\/2014\/06\/Mexico.jpg 940w, https:\/\/www.cordobatimes.com\/deportes\/wp-content\/uploads\/2014\/06\/Mexico-300x200.jpg 300w\" sizes=\"auto, (max-width: 940px) 100vw, 940px\" \/><\/a><\/strong><\/h3>\n<h3><strong>En el Arena Pernambuco de la ciudad de Recife, la selecci\u00f3n azteca consigui\u00f3 un importante 3-1 para sellar su clasificaci\u00f3n a la siguiente ronda. Rafa M\u00e1rquez, Guardado y Chicharito Hern\u00e1ndez anotaron para el Tri, mientras que Perisic descont\u00f3 sobre el final.<\/strong><\/h3>\n<p>&nbsp;<\/p>\n<p style=\"text-align: justify;\"><strong>FORMACIONES<\/strong><\/p>\n<p style=\"text-align: justify;\"><b>Croacia:\u00a0<\/b>Stipe Pletikosa; Darijo Srna, Vedran Corluka, Dejan Lovren, Danijel Pranjic; Luca M\u00f3dric, Iv\u00e1n Rakitic, Sammir; Iv\u00e1n Perisic, Ivica Olic y Mario Mandzukic.\u00a0<b>DT:\u00a0<\/b>Niko Kovac.<\/p>\n<div style=\"text-align: justify;\"><b>M\u00e9xico:\u00a0<\/b>Guillermo Ochoa; Francisco Rodr\u00edguez, Rafael M\u00e1rquez, H\u00e9ctor Moreno, Miguel Lay\u00fan; Jos\u00e9 V\u00e1zquez, H\u00e9ctor Herrera, Andr\u00e9s Guardado, Paul Aguilar, Giovani Dos Santos y Oribe Peralta.<b>DT:<\/b>\u00a0Miguel Herrera.<\/div>\n","protected":false},"excerpt":{"rendered":"<p>En el Arena Pernambuco de la ciudad de Recife, la selecci\u00f3n azteca consigui\u00f3 un importante 3-1 para sellar su clasificaci\u00f3n a la siguiente ronda. Rafa M\u00e1rquez, Guardado y Chicharito Hern\u00e1ndez anotaron para el Tri, mientras que Perisic descont\u00f3 sobre el final. &nbsp; FORMACIONES Croacia:\u00a0Stipe Pletikosa; Darijo Srna, Vedran Corluka, Dejan Lovren, Danijel Pranjic; Luca M\u00f3dric, [&hellip;]<\/p>\n","protected":false},"author":2,"featured_media":16106,"comment_status":"open","ping_status":"open","sticky":false,"template":"","format":"standard","meta":{"_seopress_robots_primary_cat":"","_seopress_titles_title":"","_seopress_titles_desc":"","_seopress_robots_index":"","footnotes":""},"categories":[2,22],"tags":[476,3322,60],"class_list":["post-16038","post","type-post","status-publish","format-standard","has-post-thumbnail","hentry","category-futbol","category-mundial-brasil-2014","tag-brasil-2014","tag-mexico-croacia","tag-mundial"],"_links":{"self":[{"href":"https:\/\/www.cordobatimes.com\/deportes\/wp-json\/wp\/v2\/posts\/16038","targetHints":{"allow":["GET"]}}],"collection":[{"href":"https:\/\/www.cordobatimes.com\/deportes\/wp-json\/wp\/v2\/posts"}],"about":[{"href":"https:\/\/www.cordobatimes.com\/deportes\/wp-json\/wp\/v2\/types\/post"}],"author":[{"embeddable":true,"href":"https:\/\/www.cordobatimes.com\/deportes\/wp-json\/wp\/v2\/users\/2"}],"replies":[{"embeddable":true,"href":"https:\/\/www.cordobatimes.com\/deportes\/wp-json\/wp\/v2\/comments?post=16038"}],"version-history":[{"count":0,"href":"https:\/\/www.cordobatimes.com\/deportes\/wp-json\/wp\/v2\/posts\/16038\/revisions"}],"wp:featuredmedia":[{"embeddable":true,"href":"https:\/\/www.cordobatimes.com\/deportes\/wp-json\/wp\/v2\/media\/16106"}],"wp:attachment":[{"href":"https:\/\/www.cordobatimes.com\/deportes\/wp-json\/wp\/v2\/media?parent=16038"}],"wp:term":[{"taxonomy":"category","embeddable":true,"href":"https:\/\/www.cordobatimes.com\/deportes\/wp-json\/wp\/v2\/categories?post=16038"},{"taxonomy":"post_tag","embeddable":true,"href":"https:\/\/www.cordobatimes.com\/deportes\/wp-json\/wp\/v2\/tags?post=16038"}],"curies":[{"name":"wp","href":"https:\/\/api.w.org\/{rel}","templated":true}]}}