{"id":16031,"date":"2014-06-23T15:15:08","date_gmt":"2014-06-23T18:15:08","guid":{"rendered":"http:\/\/www.cordobatimes.com\/deportes\/?p=16031"},"modified":"2014-06-23T15:45:08","modified_gmt":"2014-06-23T18:45:08","slug":"holanda-y-chile-se-disputan-mano-a-mano-el-grupo-b","status":"publish","type":"post","link":"https:\/\/www.cordobatimes.com\/deportes\/futbol\/2014\/06\/23\/holanda-y-chile-se-disputan-mano-a-mano-el-grupo-b\/","title":{"rendered":"Holanda le gan\u00f3 a Chile y se clasific\u00f3 primera en el Grupo B"},"content":{"rendered":"<h3 style=\"text-align: justify;\"><strong><a href=\"http:\/\/www.cordobatimes.com\/deportes\/wp-content\/uploads\/2014\/06\/holanda_chile.png\"><img loading=\"lazy\" decoding=\"async\" class=\"alignnone size-full wp-image-16069\" style=\"margin: 5px;\" alt=\"holanda_chile\" src=\"http:\/\/www.cordobatimes.com\/deportes\/wp-content\/uploads\/2014\/06\/holanda_chile.png\" width=\"794\" height=\"437\" data-id=\"16069\" srcset=\"https:\/\/www.cordobatimes.com\/deportes\/wp-content\/uploads\/2014\/06\/holanda_chile.png 794w, https:\/\/www.cordobatimes.com\/deportes\/wp-content\/uploads\/2014\/06\/holanda_chile-300x165.png 300w\" sizes=\"auto, (max-width: 794px) 100vw, 794px\" \/><\/a><\/strong><strong>A pesar del dominio trasandino durante todo el partido, Van Gaal meti\u00f3 mano en el banco y se llev\u00f3 los tres puntos en una pelota parada y una contra de Robben. Fer pondr\u00eda el primero de cabeza y Depay sellar\u00eda el 2-0 final. Los de Sampaoli podr\u00edan enfrentar a Brasil en octavos, siempre y cuando los locales ganen su zona.<\/strong><\/h3>\n<p style=\"text-align: justify;\">\n<p style=\"text-align: justify;\"><strong><\/strong>Luego de clasificarse ambos a la siguiente instancia de la Copa del Mundo, Holanda le gan\u00f3 por 2 a 0 a Chile en el cierre de su participaci\u00f3n en la ronda inicial del campeonato y se clasific\u00f3 primera en el Grupo B.<\/p>\n<p style=\"text-align: justify;\">Los trasandinos fueron en busca del primer lugar, ya que la diferencia de gol no les favorec\u00eda y si ganaban pod\u00edan evitar a Brasil en octavos,\u00a0con la hipot\u00e9tica l\u00f3gica de que el conjunto verdeamarelho tambi\u00e9n obtendr\u00e1 el mejor puesto en su zona.<\/p>\n<p style=\"text-align: justify;\">Los dirigidos por Sampaoli dominaron el encuentro de principio a fin, ante un conjunto europeo que se conformaba con el empate y se dedic\u00f3 a marcar contragolpeando en ocasiones aisladas o centros al \u00e1rea.<\/p>\n<p style=\"text-align: justify;\">Sin embargo, los chilenos no estuvieron finos en la definici\u00f3n y Van Gaal encontr\u00f3 la victoria en el banco. metiendo a Leroy Fer y Memphis Depay. El primer gol llegar\u00eda por la v\u00eda a\u00e9rea, uno de los puntos d\u00e9biles de los sudamericanos, tras un cabezazo de Fer a 13 minutos del final. Y el segundo en tiempo recuperado, tras una contra letal en los pies de Robben, que desbord\u00f3 y se la puso en los pies a Depay para sellar la victoria &#8220;naranja&#8221;.<\/p>\n<p style=\"text-align: justify;\">Ahora Chile tendr\u00e1 muchas chances de enfrentar en la pr\u00f3xima ronda a Brasil, si es que el local gana esta tarde ante Camer\u00fan y se clasifica como primero del Grupo A. Holanda, en cambio, jugar\u00e1 con el segundo del mismo grupo, que esta tarde definir\u00e1n M\u00e9xico y Croacia.<\/p>\n<p><iframe loading=\"lazy\" src=\"\/\/www.youtube.com\/embed\/-ROF3KcGRzs\" height=\"315\" width=\"560\" allowfullscreen=\"\" frameborder=\"0\"><\/iframe><\/p>\n<p><iframe loading=\"lazy\" src=\"\/\/www.youtube.com\/embed\/TiIK_msfcn4\" height=\"315\" width=\"560\" allowfullscreen=\"\" frameborder=\"0\"><\/iframe><\/p>\n<p style=\"text-align: justify;\"><strong>FORMACIONES<\/strong><\/p>\n<p style=\"text-align: justify;\"><b>Chile:\u00a0<\/b>Claudio Bravo; Francisco Silva, Gary Medel, Gonzalo Jara; Mauricio Isla, Charles Ar\u00e1nguiz o Felipe Guti\u00e9rrez, Marcelo D\u00edaz, Eugenio Mena; Arturo Vidal; Eduardo Vargas y Alexis S\u00e1nchez.\u00a0<b>DT:<\/b>Jorge Sampaoli.<\/p>\n<div style=\"text-align: justify;\"><b>Holanda:\u00a0<\/b>Jaser Cillesen; Daryl Janmaat, Ron Vlaar, Stefan De Vrij, Daley Blind; Georginio Wijnaldum, Nigel De Jong, Wesley Sneijder; Arjen Robben; Jeremains Lens y Dirk Kuyt.\u00a0<b>DT:\u00a0<\/b>Louis van Gaal.<\/div>\n","protected":false},"excerpt":{"rendered":"<p>A pesar del dominio trasandino durante todo el partido, Van Gaal meti\u00f3 mano en el banco y se llev\u00f3 los tres puntos en una pelota parada y una contra de Robben. Fer pondr\u00eda el primero de cabeza y Depay sellar\u00eda el 2-0 final. Los de Sampaoli podr\u00edan enfrentar a Brasil en octavos, siempre y cuando [&hellip;]<\/p>\n","protected":false},"author":5,"featured_media":16069,"comment_status":"open","ping_status":"open","sticky":false,"template":"","format":"standard","meta":{"_seopress_robots_primary_cat":"","_seopress_titles_title":"","_seopress_titles_desc":"","_seopress_robots_index":"","footnotes":""},"categories":[2],"tags":[476,294,3319,906],"class_list":["post-16031","post","type-post","status-publish","format-standard","has-post-thumbnail","hentry","category-futbol","tag-brasil-2014","tag-grupo-b","tag-holanda-chile","tag-robben"],"_links":{"self":[{"href":"https:\/\/www.cordobatimes.com\/deportes\/wp-json\/wp\/v2\/posts\/16031","targetHints":{"allow":["GET"]}}],"collection":[{"href":"https:\/\/www.cordobatimes.com\/deportes\/wp-json\/wp\/v2\/posts"}],"about":[{"href":"https:\/\/www.cordobatimes.com\/deportes\/wp-json\/wp\/v2\/types\/post"}],"author":[{"embeddable":true,"href":"https:\/\/www.cordobatimes.com\/deportes\/wp-json\/wp\/v2\/users\/5"}],"replies":[{"embeddable":true,"href":"https:\/\/www.cordobatimes.com\/deportes\/wp-json\/wp\/v2\/comments?post=16031"}],"version-history":[{"count":0,"href":"https:\/\/www.cordobatimes.com\/deportes\/wp-json\/wp\/v2\/posts\/16031\/revisions"}],"wp:featuredmedia":[{"embeddable":true,"href":"https:\/\/www.cordobatimes.com\/deportes\/wp-json\/wp\/v2\/media\/16069"}],"wp:attachment":[{"href":"https:\/\/www.cordobatimes.com\/deportes\/wp-json\/wp\/v2\/media?parent=16031"}],"wp:term":[{"taxonomy":"category","embeddable":true,"href":"https:\/\/www.cordobatimes.com\/deportes\/wp-json\/wp\/v2\/categories?post=16031"},{"taxonomy":"post_tag","embeddable":true,"href":"https:\/\/www.cordobatimes.com\/deportes\/wp-json\/wp\/v2\/tags?post=16031"}],"curies":[{"name":"wp","href":"https:\/\/api.w.org\/{rel}","templated":true}]}}